{"id":1111,"date":"2019-04-27T14:37:58","date_gmt":"2019-04-27T14:37:58","guid":{"rendered":"https:\/\/operafuoco.fr\/?p=1111"},"modified":"2021-10-18T14:27:09","modified_gmt":"2021-10-18T14:27:09","slug":"tag-des-gerichts","status":"publish","type":"post","link":"https:\/\/operafuoco.fr\/en\/tag-des-gerichts\/","title":{"rendered":"Tag des Gerichts"},"content":{"rendered":"<figure class=\"wp-block-image\"><img loading=\"lazy\" decoding=\"async\" width=\"817\" height=\"600\" src=\"https:\/\/operafuoco.fr\/wp-content\/uploads\/2019\/04\/332web.jpg\" alt=\"\" class=\"wp-image-1112\" srcset=\"https:\/\/operafuoco.fr\/wp-content\/uploads\/2019\/04\/332web.jpg 817w, https:\/\/operafuoco.fr\/wp-content\/uploads\/2019\/04\/332web-300x220.jpg 300w, https:\/\/operafuoco.fr\/wp-content\/uploads\/2019\/04\/332web-768x564.jpg 768w\" sizes=\"(max-width: 817px) 100vw, 817px\" \/><\/figure>\n\n\n\n<div class=\"wp-block-ugb-spacer ugb-spacer\" style=\"height:30px\"><\/div>\n\n\n\n<p>Le Jugement Dernier est \u00e0 classer parmi les tr\u00e8s grandes oeuvres sacr\u00e9es du XVIIIe si\u00e8cle, et occupe une position singuli\u00e8re entre les grands oratorios baroques (les passions de Bach ou les oratorios de Haendel) et les oeuvres classiques (notamment les oratorios de Haydn). Sa force \u00e9motionnelle et ses qualit\u00e9s musicales et litt\u00e9raires en font une oeuvre d\u2019exception.<\/p>\n\n\n\n<p>Le po\u00e8me de Alers nous plonge dans le monde des Id\u00e9es, o\u00f9 la bataille va se jouer d\u2019abord entre la Foi, la Raison (qui ici la soutient), la D\u00e9votion (Andacht), la Religion d\u2019un c\u00f4t\u00e9 et de l\u2019autre l\u2019Incroyance et les Vices. Apr\u00e8s les fracas de la fin du Monde, vient le Jugement o\u00f9 J\u00e9sus est inhabituellement sans piti\u00e9 en damnant les \u00ab&nbsp;ennemis de Dieu&nbsp;\u00bb, et les remettant \u00e0 Satan. Enfin les Elus chantent avec les Anges la Gr\u00e2ce du Messie et des jardins du nouvel Eden.<\/p>\n\n\n\n<p>Sans s\u2019aligner sur un style religieux conventionnel, texte et musique, tout en jouant aussi sur la monumentalit\u00e9 et la ferveur, donnent aussi sa place \u00e0 l\u2019individu, pr\u00e9curseurs en cela des Lumi\u00e8res et de la p\u00e9riode \u00ab&nbsp;classique&nbsp;\u00bb en musique.<\/p>\n\n\n\n<div class=\"wp-block-ugb-spacer ugb-spacer\" style=\"height:30px\"><\/div>\n\n\n\n<p><strong>HISTORIQUE<\/strong><\/p>\n\n\n\n<p>2007 : Th\u00e9\u00e2tre des Champs-Elys\u00e9es (Paris, France)<\/p>\n\n\n\n<div class=\"wp-block-ugb-spacer ugb-spacer\" style=\"height:30px\"><\/div>\n\n\n\n<p class=\" translation-block\"><span class=\"has-inline-color has-luminous-vivid-orange-color\"><strong>ART<\/strong><\/span><strong><span class=\"has-inline-color has-luminous-vivid-orange-color\">ISTS<\/span><\/strong><\/p>\n\n\n\n<p>Soprano \u2013 Chantal Santon<br>Mezzo-soprano \u2013 Ann Hallenberg<br>T\u00e9nor \u2013 Paul Agnew<br>Baryton \u2013 Markus Werba<br>Baryton \u2013 Raimund Nolte<\/p>\n\n\n\n<p>Orchestra \u2013 Opera Fuoco<\/p>\n\n\n\n<p>Choeur \u2013 Opera Fuoco<\/p>\n\n\n\n<p>Direction \u2013 David Stern<\/p>","protected":false},"excerpt":{"rendered":"<p>Le Jugement Dernier est \u00e0 classer parmi les tr\u00e8s grandes oeuvres sacr\u00e9es du XVIIIe si\u00e8cle, et occupe une position singuli\u00e8re entre les grands oratorios baroques&hellip;<\/p>","protected":false},"author":1,"featured_media":1112,"comment_status":"closed","ping_status":"closed","sticky":false,"template":"","format":"standard","meta":{"qubely_global_settings":"","qubely_interactions":"","_coblocks_attr":"","_coblocks_dimensions":"","_coblocks_responsive_height":"","_coblocks_accordion_ie_support":"","_uag_custom_page_level_css":"","kk_blocks_editor_width":"","_kiokenblocks_attr":"","_kiokenblocks_dimensions":"","_vp_format_video_url":"","_vp_image_focal_point":[],"footnotes":""},"categories":[74],"tags":[137],"class_list":["post-1111","post","type-post","status-publish","format-standard","has-post-thumbnail","hentry","category-concerts","tag-archive"],"featured_image_urls":{"full":["https:\/\/operafuoco.fr\/wp-content\/uploads\/2019\/04\/332web.jpg",817,600,false],"thumbnail":["https:\/\/operafuoco.fr\/wp-content\/uploads\/2019\/04\/332web-150x150.jpg",150,150,true],"medium":["https:\/\/operafuoco.fr\/wp-content\/uploads\/2019\/04\/332web-300x220.jpg",300,220,true],"medium_large":["https:\/\/operafuoco.fr\/wp-content\/uploads\/2019\/04\/332web-768x564.jpg",768,564,true],"large":["https:\/\/operafuoco.fr\/wp-content\/uploads\/2019\/04\/332web.jpg",817,600,false],"thumblist":["https:\/\/operafuoco.fr\/wp-content\/uploads\/2019\/04\/332web-300x300.jpg",300,300,true],"meccarouselthumb":["https:\/\/operafuoco.fr\/wp-content\/uploads\/2019\/04\/332web-474x324.jpg",474,324,true],"gridsquare":["https:\/\/operafuoco.fr\/wp-content\/uploads\/2019\/04\/332web.jpg",354,260,false],"tileview":["https:\/\/operafuoco.fr\/wp-content\/uploads\/2019\/04\/332web.jpg",300,220,false],"1536x1536":["https:\/\/operafuoco.fr\/wp-content\/uploads\/2019\/04\/332web.jpg",817,600,false],"2048x2048":["https:\/\/operafuoco.fr\/wp-content\/uploads\/2019\/04\/332web.jpg",817,600,false],"trp-custom-language-flag":["https:\/\/operafuoco.fr\/wp-content\/uploads\/2019\/04\/332web.jpg",16,12,false],"qubely_landscape":["https:\/\/operafuoco.fr\/wp-content\/uploads\/2019\/04\/332web.jpg",817,600,false],"qubely_portrait":["https:\/\/operafuoco.fr\/wp-content\/uploads\/2019\/04\/332web.jpg",436,320,false],"qubely_thumbnail":["https:\/\/operafuoco.fr\/wp-content\/uploads\/2019\/04\/332web.jpg",136,100,false],"vp_sm":["https:\/\/operafuoco.fr\/wp-content\/uploads\/2019\/04\/332web.jpg",500,367,false],"vp_md":["https:\/\/operafuoco.fr\/wp-content\/uploads\/2019\/04\/332web.jpg",800,588,false],"vp_lg":["https:\/\/operafuoco.fr\/wp-content\/uploads\/2019\/04\/332web.jpg",817,600,false],"vp_xl":["https:\/\/operafuoco.fr\/wp-content\/uploads\/2019\/04\/332web.jpg",817,600,false],"vp_sm_popup":["https:\/\/operafuoco.fr\/wp-content\/uploads\/2019\/04\/332web.jpg",500,367,false],"vp_md_popup":["https:\/\/operafuoco.fr\/wp-content\/uploads\/2019\/04\/332web.jpg",800,588,false],"vp_xl_popup":["https:\/\/operafuoco.fr\/wp-content\/uploads\/2019\/04\/332web.jpg",817,600,false]},"post_excerpt_stackable":"<p>Le Jugement Dernier est \u00e0 classer parmi les tr\u00e8s grandes oeuvres sacr\u00e9es du XVIIIe si\u00e8cle, et occupe une position singuli\u00e8re entre les grands oratorios baroques (les passions de Bach ou les oratorios de Haendel) et les oeuvres classiques (notamment les oratorios de Haydn). Sa force \u00e9motionnelle et ses qualit\u00e9s musicales et litt\u00e9raires en font une oeuvre d\u2019exception. Le po\u00e8me de Alers nous plonge dans le monde des Id\u00e9es, o\u00f9 la bataille va se jouer d\u2019abord entre la Foi, la Raison (qui ici la soutient), la D\u00e9votion (Andacht), la Religion d\u2019un c\u00f4t\u00e9 et de l\u2019autre l\u2019Incroyance et les Vices. Apr\u00e8s les&hellip;<\/p>\n","category_list":"<a href=\"https:\/\/operafuoco.fr\/en\/category\/concerts\/\" rel=\"category tag\">Concerts<\/a>","author_info":{"display_name":"admin","author_link":"https:\/\/operafuoco.fr\/en\/author\/admin\/"},"comments_num":"0 comments","aioseo_notices":[],"qubely_featured_image_url":{"full":["https:\/\/operafuoco.fr\/wp-content\/uploads\/2019\/04\/332web.jpg",817,600,false],"landscape":["https:\/\/operafuoco.fr\/wp-content\/uploads\/2019\/04\/332web.jpg",817,600,false],"portraits":["https:\/\/operafuoco.fr\/wp-content\/uploads\/2019\/04\/332web.jpg",436,320,false],"thumbnail":["https:\/\/operafuoco.fr\/wp-content\/uploads\/2019\/04\/332web-150x150.jpg",150,150,true],"medium":["https:\/\/operafuoco.fr\/wp-content\/uploads\/2019\/04\/332web-300x220.jpg",300,220,true],"medium_large":["https:\/\/operafuoco.fr\/wp-content\/uploads\/2019\/04\/332web-768x564.jpg",768,564,true],"large":["https:\/\/operafuoco.fr\/wp-content\/uploads\/2019\/04\/332web.jpg",817,600,false],"thumblist":["https:\/\/operafuoco.fr\/wp-content\/uploads\/2019\/04\/332web-300x300.jpg",300,300,true],"meccarouselthumb":["https:\/\/operafuoco.fr\/wp-content\/uploads\/2019\/04\/332web-474x324.jpg",474,324,true],"gridsquare":["https:\/\/operafuoco.fr\/wp-content\/uploads\/2019\/04\/332web.jpg",354,260,false],"tileview":["https:\/\/operafuoco.fr\/wp-content\/uploads\/2019\/04\/332web.jpg",300,220,false],"1536x1536":["https:\/\/operafuoco.fr\/wp-content\/uploads\/2019\/04\/332web.jpg",817,600,false],"2048x2048":["https:\/\/operafuoco.fr\/wp-content\/uploads\/2019\/04\/332web.jpg",817,600,false],"trp-custom-language-flag":["https:\/\/operafuoco.fr\/wp-content\/uploads\/2019\/04\/332web.jpg",16,12,false],"qubely_landscape":["https:\/\/operafuoco.fr\/wp-content\/uploads\/2019\/04\/332web.jpg",817,600,false],"qubely_portrait":["https:\/\/operafuoco.fr\/wp-content\/uploads\/2019\/04\/332web.jpg",436,320,false],"qubely_thumbnail":["https:\/\/operafuoco.fr\/wp-content\/uploads\/2019\/04\/332web.jpg",136,100,false],"vp_sm":["https:\/\/operafuoco.fr\/wp-content\/uploads\/2019\/04\/332web.jpg",500,367,false],"vp_md":["https:\/\/operafuoco.fr\/wp-content\/uploads\/2019\/04\/332web.jpg",800,588,false],"vp_lg":["https:\/\/operafuoco.fr\/wp-content\/uploads\/2019\/04\/332web.jpg",817,600,false],"vp_xl":["https:\/\/operafuoco.fr\/wp-content\/uploads\/2019\/04\/332web.jpg",817,600,false],"vp_sm_popup":["https:\/\/operafuoco.fr\/wp-content\/uploads\/2019\/04\/332web.jpg",500,367,false],"vp_md_popup":["https:\/\/operafuoco.fr\/wp-content\/uploads\/2019\/04\/332web.jpg",800,588,false],"vp_xl_popup":["https:\/\/operafuoco.fr\/wp-content\/uploads\/2019\/04\/332web.jpg",817,600,false]},"qubely_author":{"display_name":"admin","author_link":"https:\/\/operafuoco.fr\/en\/author\/admin\/"},"qubely_comment":0,"qubely_category":"<a href=\"https:\/\/operafuoco.fr\/en\/category\/concerts\/\" rel=\"category tag\">Concerts<\/a>","qubely_excerpt":"Le Jugement Dernier est \u00e0 classer parmi les tr\u00e8s grandes oeuvres sacr\u00e9es du XVIIIe si\u00e8cle, et occupe une position singuli\u00e8re entre les grands oratorios baroques&hellip;","featured_image_src":"https:\/\/operafuoco.fr\/wp-content\/uploads\/2019\/04\/332web.jpg","featured_image_src_square":"https:\/\/operafuoco.fr\/wp-content\/uploads\/2019\/04\/332web.jpg","rbea_author_info":{"display_name":"admin","author_link":"https:\/\/operafuoco.fr\/en\/author\/admin\/"},"rbea_excerpt_info":"Le Jugement Dernier est \u00e0 classer parmi les tr\u00e8s grandes oeuvres sacr\u00e9es du XVIIIe si\u00e8cle, et occupe une position singuli\u00e8re entre les grands oratorios baroques&hellip;","uagb_featured_image_src":{"full":["https:\/\/operafuoco.fr\/wp-content\/uploads\/2019\/04\/332web.jpg",817,600,false],"thumbnail":["https:\/\/operafuoco.fr\/wp-content\/uploads\/2019\/04\/332web-150x150.jpg",150,150,true],"medium":["https:\/\/operafuoco.fr\/wp-content\/uploads\/2019\/04\/332web-300x220.jpg",300,220,true],"medium_large":["https:\/\/operafuoco.fr\/wp-content\/uploads\/2019\/04\/332web-768x564.jpg",768,564,true],"large":["https:\/\/operafuoco.fr\/wp-content\/uploads\/2019\/04\/332web.jpg",817,600,false],"thumblist":["https:\/\/operafuoco.fr\/wp-content\/uploads\/2019\/04\/332web-300x300.jpg",300,300,true],"meccarouselthumb":["https:\/\/operafuoco.fr\/wp-content\/uploads\/2019\/04\/332web-474x324.jpg",474,324,true],"gridsquare":["https:\/\/operafuoco.fr\/wp-content\/uploads\/2019\/04\/332web.jpg",354,260,false],"tileview":["https:\/\/operafuoco.fr\/wp-content\/uploads\/2019\/04\/332web.jpg",300,220,false],"1536x1536":["https:\/\/operafuoco.fr\/wp-content\/uploads\/2019\/04\/332web.jpg",817,600,false],"2048x2048":["https:\/\/operafuoco.fr\/wp-content\/uploads\/2019\/04\/332web.jpg",817,600,false],"trp-custom-language-flag":["https:\/\/operafuoco.fr\/wp-content\/uploads\/2019\/04\/332web.jpg",16,12,false],"qubely_landscape":["https:\/\/operafuoco.fr\/wp-content\/uploads\/2019\/04\/332web.jpg",817,600,false],"qubely_portrait":["https:\/\/operafuoco.fr\/wp-content\/uploads\/2019\/04\/332web.jpg",436,320,false],"qubely_thumbnail":["https:\/\/operafuoco.fr\/wp-content\/uploads\/2019\/04\/332web.jpg",136,100,false],"vp_sm":["https:\/\/operafuoco.fr\/wp-content\/uploads\/2019\/04\/332web.jpg",500,367,false],"vp_md":["https:\/\/operafuoco.fr\/wp-content\/uploads\/2019\/04\/332web.jpg",800,588,false],"vp_lg":["https:\/\/operafuoco.fr\/wp-content\/uploads\/2019\/04\/332web.jpg",817,600,false],"vp_xl":["https:\/\/operafuoco.fr\/wp-content\/uploads\/2019\/04\/332web.jpg",817,600,false],"vp_sm_popup":["https:\/\/operafuoco.fr\/wp-content\/uploads\/2019\/04\/332web.jpg",500,367,false],"vp_md_popup":["https:\/\/operafuoco.fr\/wp-content\/uploads\/2019\/04\/332web.jpg",800,588,false],"vp_xl_popup":["https:\/\/operafuoco.fr\/wp-content\/uploads\/2019\/04\/332web.jpg",817,600,false]},"uagb_author_info":{"display_name":"admin","author_link":"https:\/\/operafuoco.fr\/en\/author\/admin\/"},"uagb_comment_info":0,"uagb_excerpt":"Le Jugement Dernier est \u00e0 classer parmi les tr\u00e8s grandes oeuvres sacr\u00e9es du XVIIIe si\u00e8cle, et occupe une position singuli\u00e8re entre les grands oratorios baroques&hellip;","_links":{"self":[{"href":"https:\/\/operafuoco.fr\/en\/wp-json\/wp\/v2\/posts\/1111"}],"collection":[{"href":"https:\/\/operafuoco.fr\/en\/wp-json\/wp\/v2\/posts"}],"about":[{"href":"https:\/\/operafuoco.fr\/en\/wp-json\/wp\/v2\/types\/post"}],"author":[{"embeddable":true,"href":"https:\/\/operafuoco.fr\/en\/wp-json\/wp\/v2\/users\/1"}],"replies":[{"embeddable":true,"href":"https:\/\/operafuoco.fr\/en\/wp-json\/wp\/v2\/comments?post=1111"}],"version-history":[{"count":2,"href":"https:\/\/operafuoco.fr\/en\/wp-json\/wp\/v2\/posts\/1111\/revisions"}],"predecessor-version":[{"id":1611,"href":"https:\/\/operafuoco.fr\/en\/wp-json\/wp\/v2\/posts\/1111\/revisions\/1611"}],"wp:featuredmedia":[{"embeddable":true,"href":"https:\/\/operafuoco.fr\/en\/wp-json\/wp\/v2\/media\/1112"}],"wp:attachment":[{"href":"https:\/\/operafuoco.fr\/en\/wp-json\/wp\/v2\/media?parent=1111"}],"wp:term":[{"taxonomy":"category","embeddable":true,"href":"https:\/\/operafuoco.fr\/en\/wp-json\/wp\/v2\/categories?post=1111"},{"taxonomy":"post_tag","embeddable":true,"href":"https:\/\/operafuoco.fr\/en\/wp-json\/wp\/v2\/tags?post=1111"}],"curies":[{"name":"wp","href":"https:\/\/api.w.org\/{rel}","templated":true}]}}