{"id":223,"date":"2019-03-17T14:29:34","date_gmt":"2019-03-17T14:29:34","guid":{"rendered":"https:\/\/operafuoco.fr\/?p=223"},"modified":"2021-10-18T14:26:30","modified_gmt":"2021-10-18T14:26:30","slug":"mozart-vs-salieri-concert","status":"publish","type":"post","link":"https:\/\/operafuoco.fr\/en\/mozart-vs-salieri-concert\/","title":{"rendered":"Mozart vs Salieri \u2013 Concert"},"content":{"rendered":"<figure class=\"wp-block-image is-resized\"><img loading=\"lazy\" decoding=\"async\" src=\"https:\/\/operafuoco.fr\/wp-content\/uploads\/2019\/03\/Visuel-Mozart-Salieri-1024x768.jpg\" alt=\"\" class=\"wp-image-224\" width=\"595\" height=\"575\"\/><\/figure>\n\n\n\n<p>1786: l\u2019empereur Joseph II d\u2019Autriche commande simultan\u00e9ment deux op\u00e9ras comiques en un acte pour deux compositeurs dont la rivalit\u00e9 deviendra bient\u00f4t romanesque: Mozart et Salieri. La soir\u00e9e sera un succ\u00e8s pour Salieri et une d\u00e9ception pour Mozart, en cause le livret. Mais la post\u00e9rit\u00e9 en a d\u00e9cid\u00e9 tout autrement.<\/p>\n\n\n\n<p>David Stern et Opera Fuoco proposent de revivre cette soir\u00e9e et offrir au public l\u2019occasion de d\u00e9cider quelle est l\u2019op\u00e9ra comique le plus abouti.<\/p>\n\n\n\n<div class=\"wp-block-ugb-spacer ugb-spacer\" style=\"height:30px\"><\/div>\n\n\n\n<p><strong>DATE AND LOCATION<\/strong><\/p>\n\n\n\n<p>Jeudi 29 mars 2018 \u2013 20h30<\/p>\n\n\n\n<p>Salle Ravel \u2013 33 rue Gabriel P\u00e9ri, 92300 Levallois-Perret<\/p>\n\n\n\n<div class=\"wp-block-ugb-spacer ugb-spacer\" style=\"height:30px\"><\/div>\n\n\n\n<p><strong>PROGRAM<\/strong><\/p>\n\n\n\n<p>MOZART \u2013 Der Schauspieldirektor<\/p>\n\n\n\n<p>SALIERI \u2013 Prima la Musica, poi le Parole<\/p>\n\n\n\n<div class=\"wp-block-ugb-spacer ugb-spacer\" style=\"height:30px\"><\/div>\n\n\n\n<p class=\" translation-block\"><span class=\"has-inline-color has-luminous-vivid-orange-color\"><strong>ART<\/strong><\/span><strong><span class=\"has-inline-color has-luminous-vivid-orange-color\">ISTS<\/span><\/strong><\/p>\n\n\n\n<p>Six&nbsp;solistes de l\u2019Atelier Lyrique d\u2019Opera Fuoco :<\/p>\n\n\n\n<p>Olivier Bergeron<br>Dania El Zein<br>Axelle Fanyo<br>Olivier Gourdy<br>Theodora Raftis<br>Sahy Ratiananaivo<\/p>\n\n\n\n<p><strong>Com\u00e9diens :<\/strong> <\/p>\n\n\n\n<p>Lo\u00efc Richard et Patrick Messe<\/p>\n\n\n\n<p>Orchestre d\u2019OPERA FUOCO<\/p>\n\n\n\n<p>Direction \u2013 David Stern<\/p>\n\n\n\n<p>Mise en sc\u00e8ne \u2013 Ned Grujic<\/p>\n\n\n\n<div class=\"wp-block-ugb-spacer ugb-spacer\" style=\"height:30px\"><\/div>\n\n\n\n<p><strong>PARTNERS<\/strong><\/p>\n\n\n\n<div class=\"wp-block-image\"><figure class=\"alignleft\"><img loading=\"lazy\" decoding=\"async\" width=\"152\" height=\"153\" src=\"https:\/\/operafuoco.fr\/wp-content\/uploads\/2019\/03\/Logo-levallois-partenaire-1.jpg\" alt=\"\" class=\"wp-image-1509\" srcset=\"https:\/\/operafuoco.fr\/wp-content\/uploads\/2019\/03\/Logo-levallois-partenaire-1.jpg 152w, https:\/\/operafuoco.fr\/wp-content\/uploads\/2019\/03\/Logo-levallois-partenaire-1-150x150.jpg 150w\" sizes=\"(max-width: 152px) 100vw, 152px\" \/><\/figure><\/div>\n\n\n\n<figure class=\"wp-block-image\"><img loading=\"lazy\" decoding=\"async\" width=\"152\" height=\"153\" src=\"https:\/\/operafuoco.fr\/wp-content\/uploads\/2019\/03\/Salle-ravel-partenaires-1.jpg\" alt=\"\" class=\"wp-image-1510\" srcset=\"https:\/\/operafuoco.fr\/wp-content\/uploads\/2019\/03\/Salle-ravel-partenaires-1.jpg 152w, https:\/\/operafuoco.fr\/wp-content\/uploads\/2019\/03\/Salle-ravel-partenaires-1-150x150.jpg 150w\" sizes=\"(max-width: 152px) 100vw, 152px\" \/><\/figure>","protected":false},"excerpt":{"rendered":"<p>1786: l\u2019empereur Joseph II d\u2019Autriche commande simultan\u00e9ment deux op\u00e9ras comiques en un acte pour deux compositeurs dont la rivalit\u00e9 deviendra bient\u00f4t romanesque: Mozart et Salieri.&hellip;<\/p>","protected":false},"author":1,"featured_media":224,"comment_status":"open","ping_status":"open","sticky":false,"template":"","format":"standard","meta":{"qubely_global_settings":"","qubely_interactions":"","_coblocks_attr":"","_coblocks_dimensions":"","_coblocks_responsive_height":"","_coblocks_accordion_ie_support":"","_uag_custom_page_level_css":"","kk_blocks_editor_width":"","_kiokenblocks_attr":"","_kiokenblocks_dimensions":"","_vp_format_video_url":"","_vp_image_focal_point":[],"footnotes":""},"categories":[72],"tags":[137],"class_list":["post-223","post","type-post","status-publish","format-standard","has-post-thumbnail","hentry","category-operas","tag-archive"],"featured_image_urls":{"full":["https:\/\/operafuoco.fr\/wp-content\/uploads\/2019\/03\/Visuel-Mozart-Salieri-e1556177275160.jpg",1067,800,false],"thumbnail":["https:\/\/operafuoco.fr\/wp-content\/uploads\/2019\/03\/Visuel-Mozart-Salieri-150x150.jpg",150,150,true],"medium":["https:\/\/operafuoco.fr\/wp-content\/uploads\/2019\/03\/Visuel-Mozart-Salieri-300x225.jpg",300,225,true],"medium_large":["https:\/\/operafuoco.fr\/wp-content\/uploads\/2019\/03\/Visuel-Mozart-Salieri-768x576.jpg",768,576,true],"large":["https:\/\/operafuoco.fr\/wp-content\/uploads\/2019\/03\/Visuel-Mozart-Salieri-1024x768.jpg",843,632,true],"thumblist":["https:\/\/operafuoco.fr\/wp-content\/uploads\/2019\/03\/Visuel-Mozart-Salieri-300x300.jpg",300,300,true],"meccarouselthumb":["https:\/\/operafuoco.fr\/wp-content\/uploads\/2019\/03\/Visuel-Mozart-Salieri-474x324.jpg",474,324,true],"gridsquare":["https:\/\/operafuoco.fr\/wp-content\/uploads\/2019\/03\/Visuel-Mozart-Salieri-e1556177275160.jpg",347,260,false],"tileview":["https:\/\/operafuoco.fr\/wp-content\/uploads\/2019\/03\/Visuel-Mozart-Salieri-e1556177275160.jpg",300,225,false],"1536x1536":["https:\/\/operafuoco.fr\/wp-content\/uploads\/2019\/03\/Visuel-Mozart-Salieri-e1556177275160.jpg",1067,800,false],"2048x2048":["https:\/\/operafuoco.fr\/wp-content\/uploads\/2019\/03\/Visuel-Mozart-Salieri-e1556177275160.jpg",1067,800,false],"trp-custom-language-flag":["https:\/\/operafuoco.fr\/wp-content\/uploads\/2019\/03\/Visuel-Mozart-Salieri-e1556177275160.jpg",16,12,false],"qubely_landscape":["https:\/\/operafuoco.fr\/wp-content\/uploads\/2019\/03\/Visuel-Mozart-Salieri-e1556177275160.jpg",1000,750,false],"qubely_portrait":["https:\/\/operafuoco.fr\/wp-content\/uploads\/2019\/03\/Visuel-Mozart-Salieri-e1556177275160.jpg",427,320,false],"qubely_thumbnail":["https:\/\/operafuoco.fr\/wp-content\/uploads\/2019\/03\/Visuel-Mozart-Salieri-e1556177275160.jpg",133,100,false],"vp_sm":["https:\/\/operafuoco.fr\/wp-content\/uploads\/2019\/03\/Visuel-Mozart-Salieri-e1556177275160.jpg",500,375,false],"vp_md":["https:\/\/operafuoco.fr\/wp-content\/uploads\/2019\/03\/Visuel-Mozart-Salieri-e1556177275160.jpg",800,600,false],"vp_lg":["https:\/\/operafuoco.fr\/wp-content\/uploads\/2019\/03\/Visuel-Mozart-Salieri-e1556177275160.jpg",1067,800,false],"vp_xl":["https:\/\/operafuoco.fr\/wp-content\/uploads\/2019\/03\/Visuel-Mozart-Salieri-e1556177275160.jpg",1067,800,false],"vp_sm_popup":["https:\/\/operafuoco.fr\/wp-content\/uploads\/2019\/03\/Visuel-Mozart-Salieri-e1556177275160.jpg",500,375,false],"vp_md_popup":["https:\/\/operafuoco.fr\/wp-content\/uploads\/2019\/03\/Visuel-Mozart-Salieri-e1556177275160.jpg",800,600,false],"vp_xl_popup":["https:\/\/operafuoco.fr\/wp-content\/uploads\/2019\/03\/Visuel-Mozart-Salieri-e1556177275160.jpg",1067,800,false]},"post_excerpt_stackable":"<p>1786: l\u2019empereur Joseph II d\u2019Autriche commande simultan\u00e9ment deux op\u00e9ras comiques en un acte pour deux compositeurs dont la rivalit\u00e9 deviendra bient\u00f4t romanesque: Mozart et Salieri. La soir\u00e9e sera un succ\u00e8s pour Salieri et une d\u00e9ception pour Mozart, en cause le livret. Mais la post\u00e9rit\u00e9 en a d\u00e9cid\u00e9 tout autrement. David Stern et Opera Fuoco proposent de revivre cette soir\u00e9e et offrir au public l\u2019occasion de d\u00e9cider quelle est l\u2019op\u00e9ra comique le plus abouti. DATE ET LIEU Jeudi 29 mars 2018 \u2013 20h30 Salle Ravel \u2013 33 rue Gabriel P\u00e9ri, 92300 Levallois-Perret PROGRAMME MOZART \u2013 Der Schauspieldirektor SALIERI \u2013 Prima la&hellip;<\/p>\n","category_list":"<a href=\"https:\/\/operafuoco.fr\/en\/category\/operas\/\" rel=\"category tag\">Operas<\/a>","author_info":{"display_name":"admin","author_link":"https:\/\/operafuoco.fr\/en\/author\/admin\/"},"comments_num":"0 comments","aioseo_notices":[],"qubely_featured_image_url":{"full":["https:\/\/operafuoco.fr\/wp-content\/uploads\/2019\/03\/Visuel-Mozart-Salieri-e1556177275160.jpg",1067,800,false],"landscape":["https:\/\/operafuoco.fr\/wp-content\/uploads\/2019\/03\/Visuel-Mozart-Salieri-e1556177275160.jpg",1000,750,false],"portraits":["https:\/\/operafuoco.fr\/wp-content\/uploads\/2019\/03\/Visuel-Mozart-Salieri-e1556177275160.jpg",427,320,false],"thumbnail":["https:\/\/operafuoco.fr\/wp-content\/uploads\/2019\/03\/Visuel-Mozart-Salieri-150x150.jpg",150,150,true],"medium":["https:\/\/operafuoco.fr\/wp-content\/uploads\/2019\/03\/Visuel-Mozart-Salieri-300x225.jpg",300,225,true],"medium_large":["https:\/\/operafuoco.fr\/wp-content\/uploads\/2019\/03\/Visuel-Mozart-Salieri-768x576.jpg",768,576,true],"large":["https:\/\/operafuoco.fr\/wp-content\/uploads\/2019\/03\/Visuel-Mozart-Salieri-1024x768.jpg",843,632,true],"thumblist":["https:\/\/operafuoco.fr\/wp-content\/uploads\/2019\/03\/Visuel-Mozart-Salieri-300x300.jpg",300,300,true],"meccarouselthumb":["https:\/\/operafuoco.fr\/wp-content\/uploads\/2019\/03\/Visuel-Mozart-Salieri-474x324.jpg",474,324,true],"gridsquare":["https:\/\/operafuoco.fr\/wp-content\/uploads\/2019\/03\/Visuel-Mozart-Salieri-e1556177275160.jpg",347,260,false],"tileview":["https:\/\/operafuoco.fr\/wp-content\/uploads\/2019\/03\/Visuel-Mozart-Salieri-e1556177275160.jpg",300,225,false],"1536x1536":["https:\/\/operafuoco.fr\/wp-content\/uploads\/2019\/03\/Visuel-Mozart-Salieri-e1556177275160.jpg",1067,800,false],"2048x2048":["https:\/\/operafuoco.fr\/wp-content\/uploads\/2019\/03\/Visuel-Mozart-Salieri-e1556177275160.jpg",1067,800,false],"trp-custom-language-flag":["https:\/\/operafuoco.fr\/wp-content\/uploads\/2019\/03\/Visuel-Mozart-Salieri-e1556177275160.jpg",16,12,false],"qubely_landscape":["https:\/\/operafuoco.fr\/wp-content\/uploads\/2019\/03\/Visuel-Mozart-Salieri-e1556177275160.jpg",1000,750,false],"qubely_portrait":["https:\/\/operafuoco.fr\/wp-content\/uploads\/2019\/03\/Visuel-Mozart-Salieri-e1556177275160.jpg",427,320,false],"qubely_thumbnail":["https:\/\/operafuoco.fr\/wp-content\/uploads\/2019\/03\/Visuel-Mozart-Salieri-e1556177275160.jpg",133,100,false],"vp_sm":["https:\/\/operafuoco.fr\/wp-content\/uploads\/2019\/03\/Visuel-Mozart-Salieri-e1556177275160.jpg",500,375,false],"vp_md":["https:\/\/operafuoco.fr\/wp-content\/uploads\/2019\/03\/Visuel-Mozart-Salieri-e1556177275160.jpg",800,600,false],"vp_lg":["https:\/\/operafuoco.fr\/wp-content\/uploads\/2019\/03\/Visuel-Mozart-Salieri-e1556177275160.jpg",1067,800,false],"vp_xl":["https:\/\/operafuoco.fr\/wp-content\/uploads\/2019\/03\/Visuel-Mozart-Salieri-e1556177275160.jpg",1067,800,false],"vp_sm_popup":["https:\/\/operafuoco.fr\/wp-content\/uploads\/2019\/03\/Visuel-Mozart-Salieri-e1556177275160.jpg",500,375,false],"vp_md_popup":["https:\/\/operafuoco.fr\/wp-content\/uploads\/2019\/03\/Visuel-Mozart-Salieri-e1556177275160.jpg",800,600,false],"vp_xl_popup":["https:\/\/operafuoco.fr\/wp-content\/uploads\/2019\/03\/Visuel-Mozart-Salieri-e1556177275160.jpg",1067,800,false]},"qubely_author":{"display_name":"admin","author_link":"https:\/\/operafuoco.fr\/en\/author\/admin\/"},"qubely_comment":0,"qubely_category":"<a href=\"https:\/\/operafuoco.fr\/en\/category\/operas\/\" rel=\"category tag\">Operas<\/a>","qubely_excerpt":"1786: l\u2019empereur Joseph II d\u2019Autriche commande simultan\u00e9ment deux op\u00e9ras comiques en un acte pour deux compositeurs dont la rivalit\u00e9 deviendra bient\u00f4t romanesque: Mozart et Salieri.&hellip;","featured_image_src":"https:\/\/operafuoco.fr\/wp-content\/uploads\/2019\/03\/Visuel-Mozart-Salieri-e1556177275160.jpg","featured_image_src_square":"https:\/\/operafuoco.fr\/wp-content\/uploads\/2019\/03\/Visuel-Mozart-Salieri-e1556177275160.jpg","rbea_author_info":{"display_name":"admin","author_link":"https:\/\/operafuoco.fr\/en\/author\/admin\/"},"rbea_excerpt_info":"1786: l\u2019empereur Joseph II d\u2019Autriche commande simultan\u00e9ment deux op\u00e9ras comiques en un acte pour deux compositeurs dont la rivalit\u00e9 deviendra bient\u00f4t romanesque: Mozart et Salieri.&hellip;","uagb_featured_image_src":{"full":["https:\/\/operafuoco.fr\/wp-content\/uploads\/2019\/03\/Visuel-Mozart-Salieri-e1556177275160.jpg",1067,800,false],"thumbnail":["https:\/\/operafuoco.fr\/wp-content\/uploads\/2019\/03\/Visuel-Mozart-Salieri-150x150.jpg",150,150,true],"medium":["https:\/\/operafuoco.fr\/wp-content\/uploads\/2019\/03\/Visuel-Mozart-Salieri-300x225.jpg",300,225,true],"medium_large":["https:\/\/operafuoco.fr\/wp-content\/uploads\/2019\/03\/Visuel-Mozart-Salieri-768x576.jpg",768,576,true],"large":["https:\/\/operafuoco.fr\/wp-content\/uploads\/2019\/03\/Visuel-Mozart-Salieri-1024x768.jpg",843,632,true],"thumblist":["https:\/\/operafuoco.fr\/wp-content\/uploads\/2019\/03\/Visuel-Mozart-Salieri-300x300.jpg",300,300,true],"meccarouselthumb":["https:\/\/operafuoco.fr\/wp-content\/uploads\/2019\/03\/Visuel-Mozart-Salieri-474x324.jpg",474,324,true],"gridsquare":["https:\/\/operafuoco.fr\/wp-content\/uploads\/2019\/03\/Visuel-Mozart-Salieri-e1556177275160.jpg",347,260,false],"tileview":["https:\/\/operafuoco.fr\/wp-content\/uploads\/2019\/03\/Visuel-Mozart-Salieri-e1556177275160.jpg",300,225,false],"1536x1536":["https:\/\/operafuoco.fr\/wp-content\/uploads\/2019\/03\/Visuel-Mozart-Salieri-e1556177275160.jpg",1067,800,false],"2048x2048":["https:\/\/operafuoco.fr\/wp-content\/uploads\/2019\/03\/Visuel-Mozart-Salieri-e1556177275160.jpg",1067,800,false],"trp-custom-language-flag":["https:\/\/operafuoco.fr\/wp-content\/uploads\/2019\/03\/Visuel-Mozart-Salieri-e1556177275160.jpg",16,12,false],"qubely_landscape":["https:\/\/operafuoco.fr\/wp-content\/uploads\/2019\/03\/Visuel-Mozart-Salieri-e1556177275160.jpg",1000,750,false],"qubely_portrait":["https:\/\/operafuoco.fr\/wp-content\/uploads\/2019\/03\/Visuel-Mozart-Salieri-e1556177275160.jpg",427,320,false],"qubely_thumbnail":["https:\/\/operafuoco.fr\/wp-content\/uploads\/2019\/03\/Visuel-Mozart-Salieri-e1556177275160.jpg",133,100,false],"vp_sm":["https:\/\/operafuoco.fr\/wp-content\/uploads\/2019\/03\/Visuel-Mozart-Salieri-e1556177275160.jpg",500,375,false],"vp_md":["https:\/\/operafuoco.fr\/wp-content\/uploads\/2019\/03\/Visuel-Mozart-Salieri-e1556177275160.jpg",800,600,false],"vp_lg":["https:\/\/operafuoco.fr\/wp-content\/uploads\/2019\/03\/Visuel-Mozart-Salieri-e1556177275160.jpg",1067,800,false],"vp_xl":["https:\/\/operafuoco.fr\/wp-content\/uploads\/2019\/03\/Visuel-Mozart-Salieri-e1556177275160.jpg",1067,800,false],"vp_sm_popup":["https:\/\/operafuoco.fr\/wp-content\/uploads\/2019\/03\/Visuel-Mozart-Salieri-e1556177275160.jpg",500,375,false],"vp_md_popup":["https:\/\/operafuoco.fr\/wp-content\/uploads\/2019\/03\/Visuel-Mozart-Salieri-e1556177275160.jpg",800,600,false],"vp_xl_popup":["https:\/\/operafuoco.fr\/wp-content\/uploads\/2019\/03\/Visuel-Mozart-Salieri-e1556177275160.jpg",1067,800,false]},"uagb_author_info":{"display_name":"admin","author_link":"https:\/\/operafuoco.fr\/en\/author\/admin\/"},"uagb_comment_info":0,"uagb_excerpt":"1786: l\u2019empereur Joseph II d\u2019Autriche commande simultan\u00e9ment deux op\u00e9ras comiques en un acte pour deux compositeurs dont la rivalit\u00e9 deviendra bient\u00f4t romanesque: Mozart et Salieri.&hellip;","_links":{"self":[{"href":"https:\/\/operafuoco.fr\/en\/wp-json\/wp\/v2\/posts\/223"}],"collection":[{"href":"https:\/\/operafuoco.fr\/en\/wp-json\/wp\/v2\/posts"}],"about":[{"href":"https:\/\/operafuoco.fr\/en\/wp-json\/wp\/v2\/types\/post"}],"author":[{"embeddable":true,"href":"https:\/\/operafuoco.fr\/en\/wp-json\/wp\/v2\/users\/1"}],"replies":[{"embeddable":true,"href":"https:\/\/operafuoco.fr\/en\/wp-json\/wp\/v2\/comments?post=223"}],"version-history":[{"count":6,"href":"https:\/\/operafuoco.fr\/en\/wp-json\/wp\/v2\/posts\/223\/revisions"}],"predecessor-version":[{"id":1692,"href":"https:\/\/operafuoco.fr\/en\/wp-json\/wp\/v2\/posts\/223\/revisions\/1692"}],"wp:featuredmedia":[{"embeddable":true,"href":"https:\/\/operafuoco.fr\/en\/wp-json\/wp\/v2\/media\/224"}],"wp:attachment":[{"href":"https:\/\/operafuoco.fr\/en\/wp-json\/wp\/v2\/media?parent=223"}],"wp:term":[{"taxonomy":"category","embeddable":true,"href":"https:\/\/operafuoco.fr\/en\/wp-json\/wp\/v2\/categories?post=223"},{"taxonomy":"post_tag","embeddable":true,"href":"https:\/\/operafuoco.fr\/en\/wp-json\/wp\/v2\/tags?post=223"}],"curies":[{"name":"wp","href":"https:\/\/api.w.org\/{rel}","templated":true}]}}