{"id":251,"date":"2019-03-17T14:59:21","date_gmt":"2019-03-17T14:59:21","guid":{"rendered":"https:\/\/operafuoco.fr\/?p=251"},"modified":"2021-10-18T14:26:29","modified_gmt":"2021-10-18T14:26:29","slug":"berenice-che-fai-concert","status":"publish","type":"post","link":"https:\/\/operafuoco.fr\/en\/berenice-che-fai-concert\/","title":{"rendered":"Berenice che fai ? \u2013 Concert"},"content":{"rendered":"<figure class=\"wp-block-image\"><img loading=\"lazy\" decoding=\"async\" width=\"1024\" height=\"1024\" src=\"https:\/\/operafuoco.fr\/wp-content\/uploads\/2019\/03\/Pochette-CD-HD-def-1024x1024.jpg\" alt=\"\" class=\"wp-image-253\"\/><\/figure>\n\n\n\n<div class=\"wp-block-ugb-spacer ugb-spacer\" style=\"height:30px\"><\/div>\n\n\n\n<p>This concert celebrates Opera Fuoco\u2019s latest recording, featuring three former members of the Opera Fuoco studio. Berenice is a compilation of late Baroque and early Classical works based principally on Metastasio\u2019s famous 18th-century opera scene \u201cAh Berenice\u201d from his opera Antigono. Not only was the scene set to music by such composers as Haydn and Hasse, but also by Antonio Maria Mazzoni and Marianna Martinez, a composer of Spanish descent who was widely connected to the Viennese music scene and, for a time, lived in the same noble house as Metastasio and Haydn at Grosse Michelstrasse.<\/p>\n\n\n\n<p>The young Mozart\u2019s concert aria \u201cBerenice\u201d and Johann Christian Bach\u2019s aria \u201cConfusa, smarrita\u201d from the composer\u2019s lost pasticcio opera, Berenice, as well as Hasse\u2019s Antigono overture complement the program.<\/p>\n\n\n\n<div class=\"wp-block-ugb-spacer ugb-spacer\" style=\"height:30px\"><\/div>\n\n\n\n<p><strong>DATE AND LOCATION<\/strong><\/p>\n\n\n\n<p>Saturday 24th of November 2018 \u2013 20h30<br><em>Th\u00e9\u00e2tre de Saint-Quentin en Yvelines<\/em><\/p>\n\n\n\n<p><strong>Saisons&nbsp;pr\u00e9c\u00e9dentes<\/strong><\/p>\n\n\n\n<p>12&nbsp;novembre 2017&nbsp;<br><em>Salle Ravel de Levallois-Perret<\/em><\/p>\n\n\n\n<div class=\"wp-block-ugb-spacer ugb-spacer\" style=\"height:30px\"><\/div>\n\n\n\n<p><strong>PROGRAM<\/strong><\/p>\n\n\n\n<p>&nbsp;<strong>Johann Adolf Hasse<\/strong><\/p>\n\n\n\n<p>Sinfonia de l\u2019op\u00e9ra Antigono \/ Allegro di molto \u2013 Andantino \u2013 Allegro di molto (Dresde \u2013 1743)<\/p>\n\n\n\n<p>Antigono&nbsp;scena \u00ab&nbsp;Ah Berenice, che fai ?&nbsp;\u00bb&nbsp;\/ Recitativo \u2013 Un poco lento ma poco \u2013 Presto&nbsp;<\/p>\n\n\n\n<p><strong>Johann Christian Bach<\/strong><br> Aria de l\u2019op\u00e9ra Catone in Utica \u201cConfusa smarrita&nbsp;\u00bb \/ Andante espressivo (Londres \u2013 1764)&nbsp;<\/p>\n\n\n\n<p><strong>Mariana Martinez<\/strong><br> Scena \u201cAh Berenice, che fai ?\u201d\/&nbsp;Recitativo \u2013 Andante \u2013 Allegro assai (Vienne \u2013 1767)&nbsp;<\/p>\n\n\n\n<p><strong>Antonio Mazzoni<\/strong><br> Antigono scena \u201cAh Berenice, che fai ?\u201d&nbsp; \/ R\u00e9citativo \u2013 Andantino grazioso \u2013 Allegro (Lisbonne \u2013 1755)<\/p>\n\n\n\n<p><strong>Wolfgang Amadeus Mozart<\/strong><br> Recitativo et aria \u201cBerenice\u2026 Sol nascente\u201d (Salzburg \u2013 1767)<\/p>\n\n\n\n<p><strong>Franz-Joseph Haydn<\/strong><br> Scena di Berenice \u201cAh Berenice, che fai ?\u201d (Vienne \u2013 1795)<\/p>\n\n\n\n<div class=\"wp-block-ugb-spacer ugb-spacer\" style=\"height:30px\"><\/div>\n\n\n\n<p class=\" translation-block\"><span class=\"has-inline-color has-luminous-vivid-orange-color\"><strong>ART<\/strong><\/span><strong><span class=\"has-inline-color has-luminous-vivid-orange-color\">ISTS<\/span><\/strong><\/p>\n\n\n\n<p>Chantal Santon \u2013 soprano<br>Natalie Perez \u2013 mezzo-soprano<br>Axelle Fanyo&nbsp;\u2013 soprano<\/p>\n\n\n\n<p><br>Orchestre&nbsp;Opera Fuoco<\/p>\n\n\n\n<p>Direction \u2013 David Stern<br><\/p>","protected":false},"excerpt":{"rendered":"<p>Au c\u0153ur de la Vienne historique, \u00e0 quelques m\u00e8tres du site du Burgtheater, les promeneurs peuvent admirer la fa\u00e7ade rococo de la GrosserMichaelerhaus. Ce monument&hellip;<\/p>","protected":false},"author":1,"featured_media":253,"comment_status":"closed","ping_status":"closed","sticky":false,"template":"","format":"standard","meta":{"qubely_global_settings":"","qubely_interactions":"","_coblocks_attr":"","_coblocks_dimensions":"","_coblocks_responsive_height":"","_coblocks_accordion_ie_support":"","_uag_custom_page_level_css":"","kk_blocks_editor_width":"","_kiokenblocks_attr":"","_kiokenblocks_dimensions":"","_vp_format_video_url":"","_vp_image_focal_point":[],"footnotes":""},"categories":[74],"tags":[137],"class_list":["post-251","post","type-post","status-publish","format-standard","has-post-thumbnail","hentry","category-concerts","tag-archive"],"featured_image_urls":{"full":["https:\/\/operafuoco.fr\/wp-content\/uploads\/2019\/03\/Pochette-CD-HD-def-e1556177349382.jpg",800,800,false],"thumbnail":["https:\/\/operafuoco.fr\/wp-content\/uploads\/2019\/03\/Pochette-CD-HD-def-150x150.jpg",150,150,true],"medium":["https:\/\/operafuoco.fr\/wp-content\/uploads\/2019\/03\/Pochette-CD-HD-def-300x300.jpg",300,300,true],"medium_large":["https:\/\/operafuoco.fr\/wp-content\/uploads\/2019\/03\/Pochette-CD-HD-def-768x768.jpg",768,768,true],"large":["https:\/\/operafuoco.fr\/wp-content\/uploads\/2019\/03\/Pochette-CD-HD-def-1024x1024.jpg",843,843,true],"thumblist":["https:\/\/operafuoco.fr\/wp-content\/uploads\/2019\/03\/Pochette-CD-HD-def-e1556177349382.jpg",300,300,false],"meccarouselthumb":["https:\/\/operafuoco.fr\/wp-content\/uploads\/2019\/03\/Pochette-CD-HD-def-e1556177349382.jpg",324,324,false],"gridsquare":["https:\/\/operafuoco.fr\/wp-content\/uploads\/2019\/03\/Pochette-CD-HD-def-e1556177349382.jpg",260,260,false],"tileview":["https:\/\/operafuoco.fr\/wp-content\/uploads\/2019\/03\/Pochette-CD-HD-def-e1556177349382.jpg",300,300,false],"1536x1536":["https:\/\/operafuoco.fr\/wp-content\/uploads\/2019\/03\/Pochette-CD-HD-def-e1556177349382.jpg",800,800,false],"2048x2048":["https:\/\/operafuoco.fr\/wp-content\/uploads\/2019\/03\/Pochette-CD-HD-def-e1556177349382.jpg",800,800,false],"trp-custom-language-flag":["https:\/\/operafuoco.fr\/wp-content\/uploads\/2019\/03\/Pochette-CD-HD-def-e1556177349382.jpg",12,12,false],"qubely_landscape":["https:\/\/operafuoco.fr\/wp-content\/uploads\/2019\/03\/Pochette-CD-HD-def-e1556177349382.jpg",750,750,false],"qubely_portrait":["https:\/\/operafuoco.fr\/wp-content\/uploads\/2019\/03\/Pochette-CD-HD-def-e1556177349382.jpg",320,320,false],"qubely_thumbnail":["https:\/\/operafuoco.fr\/wp-content\/uploads\/2019\/03\/Pochette-CD-HD-def-e1556177349382.jpg",100,100,false],"vp_sm":["https:\/\/operafuoco.fr\/wp-content\/uploads\/2019\/03\/Pochette-CD-HD-def-e1556177349382.jpg",500,500,false],"vp_md":["https:\/\/operafuoco.fr\/wp-content\/uploads\/2019\/03\/Pochette-CD-HD-def-e1556177349382.jpg",800,800,false],"vp_lg":["https:\/\/operafuoco.fr\/wp-content\/uploads\/2019\/03\/Pochette-CD-HD-def-e1556177349382.jpg",800,800,false],"vp_xl":["https:\/\/operafuoco.fr\/wp-content\/uploads\/2019\/03\/Pochette-CD-HD-def-e1556177349382.jpg",800,800,false],"vp_sm_popup":["https:\/\/operafuoco.fr\/wp-content\/uploads\/2019\/03\/Pochette-CD-HD-def-e1556177349382.jpg",500,500,false],"vp_md_popup":["https:\/\/operafuoco.fr\/wp-content\/uploads\/2019\/03\/Pochette-CD-HD-def-e1556177349382.jpg",800,800,false],"vp_xl_popup":["https:\/\/operafuoco.fr\/wp-content\/uploads\/2019\/03\/Pochette-CD-HD-def-e1556177349382.jpg",800,800,false]},"post_excerpt_stackable":"<p>Au c\u0153ur de la Vienne historique, \u00e0 quelques m\u00e8tres du site du Burgtheater, les promeneurs peuvent admirer la fa\u00e7ade rococo de la GrosserMichaelerhaus. Ce monument \u00e9tait la demeure de Mariana Martinez, fille d\u2019un riche diplomate Napolitain, d\u2019ascendance Espagnole. Nombreux sont les t\u00e9moignages directs et indirects qui s\u2019int\u00e9ressent \u00e0 la personnalit\u00e9 de Mariana Martinez. A l\u2019apog\u00e9e de l\u2019Opera Seria \u00e0 Vienne, elle a \u00e9t\u00e9 l\u2019\u00e9l\u00e8ve de Pietro Metastasio, de Nicola Porpora et a eu comme locataire rien de moins que le jeune Joseph Haydn. Mariana Martinez ne s\u2019est pas content\u00e9 d\u2019\u00eatre une salonni\u00e8re comme les parisiennes de son \u00e9poque ou les&hellip;<\/p>\n","category_list":"<a href=\"https:\/\/operafuoco.fr\/en\/category\/concerts\/\" rel=\"category tag\">Concerts<\/a>","author_info":{"display_name":"admin","author_link":"https:\/\/operafuoco.fr\/en\/author\/admin\/"},"comments_num":"0 comments","aioseo_notices":[],"qubely_featured_image_url":{"full":["https:\/\/operafuoco.fr\/wp-content\/uploads\/2019\/03\/Pochette-CD-HD-def-e1556177349382.jpg",800,800,false],"landscape":["https:\/\/operafuoco.fr\/wp-content\/uploads\/2019\/03\/Pochette-CD-HD-def-e1556177349382.jpg",750,750,false],"portraits":["https:\/\/operafuoco.fr\/wp-content\/uploads\/2019\/03\/Pochette-CD-HD-def-e1556177349382.jpg",320,320,false],"thumbnail":["https:\/\/operafuoco.fr\/wp-content\/uploads\/2019\/03\/Pochette-CD-HD-def-150x150.jpg",150,150,true],"medium":["https:\/\/operafuoco.fr\/wp-content\/uploads\/2019\/03\/Pochette-CD-HD-def-300x300.jpg",300,300,true],"medium_large":["https:\/\/operafuoco.fr\/wp-content\/uploads\/2019\/03\/Pochette-CD-HD-def-768x768.jpg",768,768,true],"large":["https:\/\/operafuoco.fr\/wp-content\/uploads\/2019\/03\/Pochette-CD-HD-def-1024x1024.jpg",843,843,true],"thumblist":["https:\/\/operafuoco.fr\/wp-content\/uploads\/2019\/03\/Pochette-CD-HD-def-e1556177349382.jpg",300,300,false],"meccarouselthumb":["https:\/\/operafuoco.fr\/wp-content\/uploads\/2019\/03\/Pochette-CD-HD-def-e1556177349382.jpg",324,324,false],"gridsquare":["https:\/\/operafuoco.fr\/wp-content\/uploads\/2019\/03\/Pochette-CD-HD-def-e1556177349382.jpg",260,260,false],"tileview":["https:\/\/operafuoco.fr\/wp-content\/uploads\/2019\/03\/Pochette-CD-HD-def-e1556177349382.jpg",300,300,false],"1536x1536":["https:\/\/operafuoco.fr\/wp-content\/uploads\/2019\/03\/Pochette-CD-HD-def-e1556177349382.jpg",800,800,false],"2048x2048":["https:\/\/operafuoco.fr\/wp-content\/uploads\/2019\/03\/Pochette-CD-HD-def-e1556177349382.jpg",800,800,false],"trp-custom-language-flag":["https:\/\/operafuoco.fr\/wp-content\/uploads\/2019\/03\/Pochette-CD-HD-def-e1556177349382.jpg",12,12,false],"qubely_landscape":["https:\/\/operafuoco.fr\/wp-content\/uploads\/2019\/03\/Pochette-CD-HD-def-e1556177349382.jpg",750,750,false],"qubely_portrait":["https:\/\/operafuoco.fr\/wp-content\/uploads\/2019\/03\/Pochette-CD-HD-def-e1556177349382.jpg",320,320,false],"qubely_thumbnail":["https:\/\/operafuoco.fr\/wp-content\/uploads\/2019\/03\/Pochette-CD-HD-def-e1556177349382.jpg",100,100,false],"vp_sm":["https:\/\/operafuoco.fr\/wp-content\/uploads\/2019\/03\/Pochette-CD-HD-def-e1556177349382.jpg",500,500,false],"vp_md":["https:\/\/operafuoco.fr\/wp-content\/uploads\/2019\/03\/Pochette-CD-HD-def-e1556177349382.jpg",800,800,false],"vp_lg":["https:\/\/operafuoco.fr\/wp-content\/uploads\/2019\/03\/Pochette-CD-HD-def-e1556177349382.jpg",800,800,false],"vp_xl":["https:\/\/operafuoco.fr\/wp-content\/uploads\/2019\/03\/Pochette-CD-HD-def-e1556177349382.jpg",800,800,false],"vp_sm_popup":["https:\/\/operafuoco.fr\/wp-content\/uploads\/2019\/03\/Pochette-CD-HD-def-e1556177349382.jpg",500,500,false],"vp_md_popup":["https:\/\/operafuoco.fr\/wp-content\/uploads\/2019\/03\/Pochette-CD-HD-def-e1556177349382.jpg",800,800,false],"vp_xl_popup":["https:\/\/operafuoco.fr\/wp-content\/uploads\/2019\/03\/Pochette-CD-HD-def-e1556177349382.jpg",800,800,false]},"qubely_author":{"display_name":"admin","author_link":"https:\/\/operafuoco.fr\/en\/author\/admin\/"},"qubely_comment":0,"qubely_category":"<a href=\"https:\/\/operafuoco.fr\/en\/category\/concerts\/\" rel=\"category tag\">Concerts<\/a>","qubely_excerpt":"Au c\u0153ur de la Vienne historique, \u00e0 quelques m\u00e8tres du site du Burgtheater, les promeneurs peuvent admirer la fa\u00e7ade rococo de la GrosserMichaelerhaus. Ce monument&hellip;","featured_image_src":"https:\/\/operafuoco.fr\/wp-content\/uploads\/2019\/03\/Pochette-CD-HD-def-e1556177349382.jpg","featured_image_src_square":"https:\/\/operafuoco.fr\/wp-content\/uploads\/2019\/03\/Pochette-CD-HD-def-e1556177349382.jpg","rbea_author_info":{"display_name":"admin","author_link":"https:\/\/operafuoco.fr\/en\/author\/admin\/"},"rbea_excerpt_info":"Au c\u0153ur de la Vienne historique, \u00e0 quelques m\u00e8tres du site du Burgtheater, les promeneurs peuvent admirer la fa\u00e7ade rococo de la GrosserMichaelerhaus. Ce monument&hellip;","uagb_featured_image_src":{"full":["https:\/\/operafuoco.fr\/wp-content\/uploads\/2019\/03\/Pochette-CD-HD-def-e1556177349382.jpg",800,800,false],"thumbnail":["https:\/\/operafuoco.fr\/wp-content\/uploads\/2019\/03\/Pochette-CD-HD-def-150x150.jpg",150,150,true],"medium":["https:\/\/operafuoco.fr\/wp-content\/uploads\/2019\/03\/Pochette-CD-HD-def-300x300.jpg",300,300,true],"medium_large":["https:\/\/operafuoco.fr\/wp-content\/uploads\/2019\/03\/Pochette-CD-HD-def-768x768.jpg",768,768,true],"large":["https:\/\/operafuoco.fr\/wp-content\/uploads\/2019\/03\/Pochette-CD-HD-def-1024x1024.jpg",843,843,true],"thumblist":["https:\/\/operafuoco.fr\/wp-content\/uploads\/2019\/03\/Pochette-CD-HD-def-e1556177349382.jpg",300,300,false],"meccarouselthumb":["https:\/\/operafuoco.fr\/wp-content\/uploads\/2019\/03\/Pochette-CD-HD-def-e1556177349382.jpg",324,324,false],"gridsquare":["https:\/\/operafuoco.fr\/wp-content\/uploads\/2019\/03\/Pochette-CD-HD-def-e1556177349382.jpg",260,260,false],"tileview":["https:\/\/operafuoco.fr\/wp-content\/uploads\/2019\/03\/Pochette-CD-HD-def-e1556177349382.jpg",300,300,false],"1536x1536":["https:\/\/operafuoco.fr\/wp-content\/uploads\/2019\/03\/Pochette-CD-HD-def-e1556177349382.jpg",800,800,false],"2048x2048":["https:\/\/operafuoco.fr\/wp-content\/uploads\/2019\/03\/Pochette-CD-HD-def-e1556177349382.jpg",800,800,false],"trp-custom-language-flag":["https:\/\/operafuoco.fr\/wp-content\/uploads\/2019\/03\/Pochette-CD-HD-def-e1556177349382.jpg",12,12,false],"qubely_landscape":["https:\/\/operafuoco.fr\/wp-content\/uploads\/2019\/03\/Pochette-CD-HD-def-e1556177349382.jpg",750,750,false],"qubely_portrait":["https:\/\/operafuoco.fr\/wp-content\/uploads\/2019\/03\/Pochette-CD-HD-def-e1556177349382.jpg",320,320,false],"qubely_thumbnail":["https:\/\/operafuoco.fr\/wp-content\/uploads\/2019\/03\/Pochette-CD-HD-def-e1556177349382.jpg",100,100,false],"vp_sm":["https:\/\/operafuoco.fr\/wp-content\/uploads\/2019\/03\/Pochette-CD-HD-def-e1556177349382.jpg",500,500,false],"vp_md":["https:\/\/operafuoco.fr\/wp-content\/uploads\/2019\/03\/Pochette-CD-HD-def-e1556177349382.jpg",800,800,false],"vp_lg":["https:\/\/operafuoco.fr\/wp-content\/uploads\/2019\/03\/Pochette-CD-HD-def-e1556177349382.jpg",800,800,false],"vp_xl":["https:\/\/operafuoco.fr\/wp-content\/uploads\/2019\/03\/Pochette-CD-HD-def-e1556177349382.jpg",800,800,false],"vp_sm_popup":["https:\/\/operafuoco.fr\/wp-content\/uploads\/2019\/03\/Pochette-CD-HD-def-e1556177349382.jpg",500,500,false],"vp_md_popup":["https:\/\/operafuoco.fr\/wp-content\/uploads\/2019\/03\/Pochette-CD-HD-def-e1556177349382.jpg",800,800,false],"vp_xl_popup":["https:\/\/operafuoco.fr\/wp-content\/uploads\/2019\/03\/Pochette-CD-HD-def-e1556177349382.jpg",800,800,false]},"uagb_author_info":{"display_name":"admin","author_link":"https:\/\/operafuoco.fr\/en\/author\/admin\/"},"uagb_comment_info":0,"uagb_excerpt":"Au c\u0153ur de la Vienne historique, \u00e0 quelques m\u00e8tres du site du Burgtheater, les promeneurs peuvent admirer la fa\u00e7ade rococo de la GrosserMichaelerhaus. Ce monument&hellip;","_links":{"self":[{"href":"https:\/\/operafuoco.fr\/en\/wp-json\/wp\/v2\/posts\/251"}],"collection":[{"href":"https:\/\/operafuoco.fr\/en\/wp-json\/wp\/v2\/posts"}],"about":[{"href":"https:\/\/operafuoco.fr\/en\/wp-json\/wp\/v2\/types\/post"}],"author":[{"embeddable":true,"href":"https:\/\/operafuoco.fr\/en\/wp-json\/wp\/v2\/users\/1"}],"replies":[{"embeddable":true,"href":"https:\/\/operafuoco.fr\/en\/wp-json\/wp\/v2\/comments?post=251"}],"version-history":[{"count":4,"href":"https:\/\/operafuoco.fr\/en\/wp-json\/wp\/v2\/posts\/251\/revisions"}],"predecessor-version":[{"id":2002,"href":"https:\/\/operafuoco.fr\/en\/wp-json\/wp\/v2\/posts\/251\/revisions\/2002"}],"wp:featuredmedia":[{"embeddable":true,"href":"https:\/\/operafuoco.fr\/en\/wp-json\/wp\/v2\/media\/253"}],"wp:attachment":[{"href":"https:\/\/operafuoco.fr\/en\/wp-json\/wp\/v2\/media?parent=251"}],"wp:term":[{"taxonomy":"category","embeddable":true,"href":"https:\/\/operafuoco.fr\/en\/wp-json\/wp\/v2\/categories?post=251"},{"taxonomy":"post_tag","embeddable":true,"href":"https:\/\/operafuoco.fr\/en\/wp-json\/wp\/v2\/tags?post=251"}],"curies":[{"name":"wp","href":"https:\/\/api.w.org\/{rel}","templated":true}]}}