{"id":2889,"date":"2020-12-07T14:50:09","date_gmt":"2020-12-07T14:50:09","guid":{"rendered":"https:\/\/operafuoco.fr\/?p=2889"},"modified":"2021-10-18T14:26:28","modified_gmt":"2021-10-18T14:26:28","slug":"gershwin-a-lopera-de-massy-mini-concert-video","status":"publish","type":"post","link":"https:\/\/operafuoco.fr\/en\/gershwin-a-lopera-de-massy-mini-concert-video\/","title":{"rendered":"Gershwin \u00e0 l&rsquo;Op\u00e9ra de Massy &#8211; Mini-concert vid\u00e9o"},"content":{"rendered":"<div class=\"wp-block-ugb-button ugb-button-wrapper ugb-13c6d19 ugb-main-block\"><style>.ugb-13c6d19 .ugb-button1{background-color:#e94630}.ugb-13c6d19 .ugb-button1 .ugb-button--inner,.ugb-13c6d19 .ugb-button1 svg:not(.ugb-custom-icon){color:#ffffff !important}<\/style><div class=\"ugb-inner-block\"><div class=\"ugb-block-content\"><div class=\"ugb-button-container\"><a class=\"ugb-button1 ugb-button ugb-button--size-normal\" href=\"https:\/\/youtu.be\/Q3v0l9CDeGE\" target=\"_blank\" rel=\"noopener noreferrer\" title=\"\"><span class=\"ugb-button--inner\">Le 11 d\u00e9cembre sur vos \u00e9crans !<\/span><\/a><\/div><\/div><\/div><\/div>\n\n\n\n<p class=\"has-text-align-center\"><strong><span style=\"text-decoration: underline;\">Program<\/span><\/strong><\/p>\n\n\n\n<ul class=\"wp-block-list\"><li>\u00ab Summertime&nbsp;\u00bb &#8211;&nbsp;<em>Porgy and Bess<\/em>&nbsp;&#8211; Gershwin (Juliette Allen)<\/li><li>\u00ab Fascinating rythm&nbsp;\u00bb &#8211;&nbsp;<em>Lady Be Good<\/em>&nbsp;&#8211; Gershwin (duo Juliette Allen &amp; Olivier Gourdy)<\/li><li>\u00ab&nbsp;J&rsquo;suis snob&nbsp;\u00bb &#8211; Boris Vian\/Jimmy Walter (Olivier Gourdy)<\/li><li>\u00ab&nbsp;Embraceable you&nbsp;\u00bb &#8211;&nbsp;<em>Girl Crazy<\/em>&nbsp;&#8211; Gershwin (duo Juliette Allen &amp; Olivier Gourdy)<\/li><\/ul>\n\n\n\n<p class=\"has-text-align-center\"><strong><span style=\"text-decoration: underline;\">Cast<\/span><\/strong><\/p>\n\n\n\n<p class=\"has-text-align-center\"><strong>Juliette Allen<\/strong> &#8211; soprano<\/p>\n\n\n\n<p class=\"has-text-align-center\"><strong>Olivier Gourdy <\/strong>&#8211; baryton-basse<\/p>\n\n\n\n<p class=\"has-text-align-center\"><strong>Charlotte Gauthier <\/strong>&#8211; piano<\/p>\n\n\n\n<p class=\"has-white-background-color has-background\"><\/p>","protected":false},"excerpt":{"rendered":"<p>Le 11 d\u00e9cembre sur vos \u00e9crans ! Programme \u00ab Summertime&nbsp;\u00bb &#8211;&nbsp;Porgy and Bess&nbsp;&#8211; Gershwin (Juliette Allen) \u00ab Fascinating rythm&nbsp;\u00bb &#8211;&nbsp;Lady Be Good&nbsp;&#8211; Gershwin (duo Juliette&hellip;<\/p>","protected":false},"author":1,"featured_media":2895,"comment_status":"closed","ping_status":"closed","sticky":false,"template":"","format":"standard","meta":{"qubely_global_settings":"","qubely_interactions":"","_coblocks_attr":"","_coblocks_dimensions":"","_coblocks_responsive_height":"","_coblocks_accordion_ie_support":"","_uag_custom_page_level_css":"","kk_blocks_editor_width":"","_kiokenblocks_attr":"","_kiokenblocks_dimensions":"","_vp_format_video_url":"","_vp_image_focal_point":{"x":0.5,"y":0.5},"footnotes":""},"categories":[74],"tags":[137],"class_list":["post-2889","post","type-post","status-publish","format-standard","has-post-thumbnail","hentry","category-concerts","tag-archive"],"featured_image_urls":{"full":["https:\/\/operafuoco.fr\/wp-content\/uploads\/2020\/12\/IMG_7440.jpg",640,480,false],"thumbnail":["https:\/\/operafuoco.fr\/wp-content\/uploads\/2020\/12\/IMG_7440-150x150.jpg",150,150,true],"medium":["https:\/\/operafuoco.fr\/wp-content\/uploads\/2020\/12\/IMG_7440-300x225.jpg",300,225,true],"medium_large":["https:\/\/operafuoco.fr\/wp-content\/uploads\/2020\/12\/IMG_7440.jpg",640,480,false],"large":["https:\/\/operafuoco.fr\/wp-content\/uploads\/2020\/12\/IMG_7440.jpg",640,480,false],"thumblist":["https:\/\/operafuoco.fr\/wp-content\/uploads\/2020\/12\/IMG_7440-300x300.jpg",300,300,true],"meccarouselthumb":["https:\/\/operafuoco.fr\/wp-content\/uploads\/2020\/12\/IMG_7440-474x324.jpg",474,324,true],"gridsquare":["https:\/\/operafuoco.fr\/wp-content\/uploads\/2020\/12\/IMG_7440-391x260.jpg",391,260,true],"tileview":["https:\/\/operafuoco.fr\/wp-content\/uploads\/2020\/12\/IMG_7440-300x400.jpg",300,400,true],"1536x1536":["https:\/\/operafuoco.fr\/wp-content\/uploads\/2020\/12\/IMG_7440.jpg",640,480,false],"2048x2048":["https:\/\/operafuoco.fr\/wp-content\/uploads\/2020\/12\/IMG_7440.jpg",640,480,false],"trp-custom-language-flag":["https:\/\/operafuoco.fr\/wp-content\/uploads\/2020\/12\/IMG_7440-16x12.jpg",16,12,true],"qubely_landscape":["https:\/\/operafuoco.fr\/wp-content\/uploads\/2020\/12\/IMG_7440.jpg",640,480,false],"qubely_portrait":["https:\/\/operafuoco.fr\/wp-content\/uploads\/2020\/12\/IMG_7440.jpg",427,320,false],"qubely_thumbnail":["https:\/\/operafuoco.fr\/wp-content\/uploads\/2020\/12\/IMG_7440.jpg",133,100,false],"vp_sm":["https:\/\/operafuoco.fr\/wp-content\/uploads\/2020\/12\/IMG_7440-500x375.jpg",500,375,true],"vp_md":["https:\/\/operafuoco.fr\/wp-content\/uploads\/2020\/12\/IMG_7440.jpg",640,480,false],"vp_lg":["https:\/\/operafuoco.fr\/wp-content\/uploads\/2020\/12\/IMG_7440.jpg",640,480,false],"vp_xl":["https:\/\/operafuoco.fr\/wp-content\/uploads\/2020\/12\/IMG_7440.jpg",640,480,false],"vp_sm_popup":["https:\/\/operafuoco.fr\/wp-content\/uploads\/2020\/12\/IMG_7440-500x375.jpg",500,375,true],"vp_md_popup":["https:\/\/operafuoco.fr\/wp-content\/uploads\/2020\/12\/IMG_7440.jpg",640,480,false],"vp_xl_popup":["https:\/\/operafuoco.fr\/wp-content\/uploads\/2020\/12\/IMG_7440.jpg",640,480,false]},"post_excerpt_stackable":"<p>Le 11 d\u00e9cembre sur vos \u00e9crans ! Programme \u00ab Summertime&nbsp;\u00bb &#8211;&nbsp;Porgy and Bess&nbsp;&#8211; Gershwin (Juliette Allen)\u00ab Fascinating rythm&nbsp;\u00bb &#8211;&nbsp;Lady Be Good&nbsp;&#8211; Gershwin (duo Juliette Allen &amp; Olivier Gourdy)\u00ab&nbsp;J&rsquo;suis snob&nbsp;\u00bb &#8211; Boris Vian\/Jimmy Walter (Olivier Gourdy)\u00ab&nbsp;Embraceable you&nbsp;\u00bb &#8211;&nbsp;Girl Crazy&nbsp;&#8211; Gershwin (duo Juliette Allen &amp; Olivier Gourdy) Distribution Juliette Allen &#8211; soprano Olivier Gourdy &#8211; baryton-basse Charlotte Gauthier &#8211; piano<\/p>\n","category_list":"<a href=\"https:\/\/operafuoco.fr\/en\/category\/concerts\/\" rel=\"category tag\">Concerts<\/a>","author_info":{"display_name":"admin","author_link":"https:\/\/operafuoco.fr\/en\/author\/admin\/"},"comments_num":"0 comments","aioseo_notices":[],"qubely_featured_image_url":{"full":["https:\/\/operafuoco.fr\/wp-content\/uploads\/2020\/12\/IMG_7440.jpg",640,480,false],"landscape":["https:\/\/operafuoco.fr\/wp-content\/uploads\/2020\/12\/IMG_7440.jpg",640,480,false],"portraits":["https:\/\/operafuoco.fr\/wp-content\/uploads\/2020\/12\/IMG_7440.jpg",427,320,false],"thumbnail":["https:\/\/operafuoco.fr\/wp-content\/uploads\/2020\/12\/IMG_7440-150x150.jpg",150,150,true],"medium":["https:\/\/operafuoco.fr\/wp-content\/uploads\/2020\/12\/IMG_7440-300x225.jpg",300,225,true],"medium_large":["https:\/\/operafuoco.fr\/wp-content\/uploads\/2020\/12\/IMG_7440.jpg",640,480,false],"large":["https:\/\/operafuoco.fr\/wp-content\/uploads\/2020\/12\/IMG_7440.jpg",640,480,false],"thumblist":["https:\/\/operafuoco.fr\/wp-content\/uploads\/2020\/12\/IMG_7440-300x300.jpg",300,300,true],"meccarouselthumb":["https:\/\/operafuoco.fr\/wp-content\/uploads\/2020\/12\/IMG_7440-474x324.jpg",474,324,true],"gridsquare":["https:\/\/operafuoco.fr\/wp-content\/uploads\/2020\/12\/IMG_7440-391x260.jpg",391,260,true],"tileview":["https:\/\/operafuoco.fr\/wp-content\/uploads\/2020\/12\/IMG_7440-300x400.jpg",300,400,true],"1536x1536":["https:\/\/operafuoco.fr\/wp-content\/uploads\/2020\/12\/IMG_7440.jpg",640,480,false],"2048x2048":["https:\/\/operafuoco.fr\/wp-content\/uploads\/2020\/12\/IMG_7440.jpg",640,480,false],"trp-custom-language-flag":["https:\/\/operafuoco.fr\/wp-content\/uploads\/2020\/12\/IMG_7440-16x12.jpg",16,12,true],"qubely_landscape":["https:\/\/operafuoco.fr\/wp-content\/uploads\/2020\/12\/IMG_7440.jpg",640,480,false],"qubely_portrait":["https:\/\/operafuoco.fr\/wp-content\/uploads\/2020\/12\/IMG_7440.jpg",427,320,false],"qubely_thumbnail":["https:\/\/operafuoco.fr\/wp-content\/uploads\/2020\/12\/IMG_7440.jpg",133,100,false],"vp_sm":["https:\/\/operafuoco.fr\/wp-content\/uploads\/2020\/12\/IMG_7440-500x375.jpg",500,375,true],"vp_md":["https:\/\/operafuoco.fr\/wp-content\/uploads\/2020\/12\/IMG_7440.jpg",640,480,false],"vp_lg":["https:\/\/operafuoco.fr\/wp-content\/uploads\/2020\/12\/IMG_7440.jpg",640,480,false],"vp_xl":["https:\/\/operafuoco.fr\/wp-content\/uploads\/2020\/12\/IMG_7440.jpg",640,480,false],"vp_sm_popup":["https:\/\/operafuoco.fr\/wp-content\/uploads\/2020\/12\/IMG_7440-500x375.jpg",500,375,true],"vp_md_popup":["https:\/\/operafuoco.fr\/wp-content\/uploads\/2020\/12\/IMG_7440.jpg",640,480,false],"vp_xl_popup":["https:\/\/operafuoco.fr\/wp-content\/uploads\/2020\/12\/IMG_7440.jpg",640,480,false]},"qubely_author":{"display_name":"admin","author_link":"https:\/\/operafuoco.fr\/en\/author\/admin\/"},"qubely_comment":0,"qubely_category":"<a href=\"https:\/\/operafuoco.fr\/en\/category\/concerts\/\" rel=\"category tag\">Concerts<\/a>","qubely_excerpt":"Le 11 d\u00e9cembre sur vos \u00e9crans ! Programme \u00ab Summertime&nbsp;\u00bb &#8211;&nbsp;Porgy and Bess&nbsp;&#8211; Gershwin (Juliette Allen) \u00ab Fascinating rythm&nbsp;\u00bb &#8211;&nbsp;Lady Be Good&nbsp;&#8211; Gershwin (duo Juliette&hellip;","featured_image_src":"https:\/\/operafuoco.fr\/wp-content\/uploads\/2020\/12\/IMG_7440.jpg","featured_image_src_square":"https:\/\/operafuoco.fr\/wp-content\/uploads\/2020\/12\/IMG_7440.jpg","rbea_author_info":{"display_name":"admin","author_link":"https:\/\/operafuoco.fr\/en\/author\/admin\/"},"rbea_excerpt_info":"Le 11 d\u00e9cembre sur vos \u00e9crans ! Programme \u00ab Summertime&nbsp;\u00bb &#8211;&nbsp;Porgy and Bess&nbsp;&#8211; Gershwin (Juliette Allen) \u00ab Fascinating rythm&nbsp;\u00bb &#8211;&nbsp;Lady Be Good&nbsp;&#8211; Gershwin (duo Juliette&hellip;","uagb_featured_image_src":{"full":["https:\/\/operafuoco.fr\/wp-content\/uploads\/2020\/12\/IMG_7440.jpg",640,480,false],"thumbnail":["https:\/\/operafuoco.fr\/wp-content\/uploads\/2020\/12\/IMG_7440-150x150.jpg",150,150,true],"medium":["https:\/\/operafuoco.fr\/wp-content\/uploads\/2020\/12\/IMG_7440-300x225.jpg",300,225,true],"medium_large":["https:\/\/operafuoco.fr\/wp-content\/uploads\/2020\/12\/IMG_7440.jpg",640,480,false],"large":["https:\/\/operafuoco.fr\/wp-content\/uploads\/2020\/12\/IMG_7440.jpg",640,480,false],"thumblist":["https:\/\/operafuoco.fr\/wp-content\/uploads\/2020\/12\/IMG_7440-300x300.jpg",300,300,true],"meccarouselthumb":["https:\/\/operafuoco.fr\/wp-content\/uploads\/2020\/12\/IMG_7440-474x324.jpg",474,324,true],"gridsquare":["https:\/\/operafuoco.fr\/wp-content\/uploads\/2020\/12\/IMG_7440-391x260.jpg",391,260,true],"tileview":["https:\/\/operafuoco.fr\/wp-content\/uploads\/2020\/12\/IMG_7440-300x400.jpg",300,400,true],"1536x1536":["https:\/\/operafuoco.fr\/wp-content\/uploads\/2020\/12\/IMG_7440.jpg",640,480,false],"2048x2048":["https:\/\/operafuoco.fr\/wp-content\/uploads\/2020\/12\/IMG_7440.jpg",640,480,false],"trp-custom-language-flag":["https:\/\/operafuoco.fr\/wp-content\/uploads\/2020\/12\/IMG_7440-16x12.jpg",16,12,true],"qubely_landscape":["https:\/\/operafuoco.fr\/wp-content\/uploads\/2020\/12\/IMG_7440.jpg",640,480,false],"qubely_portrait":["https:\/\/operafuoco.fr\/wp-content\/uploads\/2020\/12\/IMG_7440.jpg",427,320,false],"qubely_thumbnail":["https:\/\/operafuoco.fr\/wp-content\/uploads\/2020\/12\/IMG_7440.jpg",133,100,false],"vp_sm":["https:\/\/operafuoco.fr\/wp-content\/uploads\/2020\/12\/IMG_7440-500x375.jpg",500,375,true],"vp_md":["https:\/\/operafuoco.fr\/wp-content\/uploads\/2020\/12\/IMG_7440.jpg",640,480,false],"vp_lg":["https:\/\/operafuoco.fr\/wp-content\/uploads\/2020\/12\/IMG_7440.jpg",640,480,false],"vp_xl":["https:\/\/operafuoco.fr\/wp-content\/uploads\/2020\/12\/IMG_7440.jpg",640,480,false],"vp_sm_popup":["https:\/\/operafuoco.fr\/wp-content\/uploads\/2020\/12\/IMG_7440-500x375.jpg",500,375,true],"vp_md_popup":["https:\/\/operafuoco.fr\/wp-content\/uploads\/2020\/12\/IMG_7440.jpg",640,480,false],"vp_xl_popup":["https:\/\/operafuoco.fr\/wp-content\/uploads\/2020\/12\/IMG_7440.jpg",640,480,false]},"uagb_author_info":{"display_name":"admin","author_link":"https:\/\/operafuoco.fr\/en\/author\/admin\/"},"uagb_comment_info":0,"uagb_excerpt":"Le 11 d\u00e9cembre sur vos \u00e9crans ! Programme \u00ab Summertime&nbsp;\u00bb &#8211;&nbsp;Porgy and Bess&nbsp;&#8211; Gershwin (Juliette Allen) \u00ab Fascinating rythm&nbsp;\u00bb &#8211;&nbsp;Lady Be Good&nbsp;&#8211; Gershwin (duo Juliette&hellip;","_links":{"self":[{"href":"https:\/\/operafuoco.fr\/en\/wp-json\/wp\/v2\/posts\/2889"}],"collection":[{"href":"https:\/\/operafuoco.fr\/en\/wp-json\/wp\/v2\/posts"}],"about":[{"href":"https:\/\/operafuoco.fr\/en\/wp-json\/wp\/v2\/types\/post"}],"author":[{"embeddable":true,"href":"https:\/\/operafuoco.fr\/en\/wp-json\/wp\/v2\/users\/1"}],"replies":[{"embeddable":true,"href":"https:\/\/operafuoco.fr\/en\/wp-json\/wp\/v2\/comments?post=2889"}],"version-history":[{"count":4,"href":"https:\/\/operafuoco.fr\/en\/wp-json\/wp\/v2\/posts\/2889\/revisions"}],"predecessor-version":[{"id":2907,"href":"https:\/\/operafuoco.fr\/en\/wp-json\/wp\/v2\/posts\/2889\/revisions\/2907"}],"wp:featuredmedia":[{"embeddable":true,"href":"https:\/\/operafuoco.fr\/en\/wp-json\/wp\/v2\/media\/2895"}],"wp:attachment":[{"href":"https:\/\/operafuoco.fr\/en\/wp-json\/wp\/v2\/media?parent=2889"}],"wp:term":[{"taxonomy":"category","embeddable":true,"href":"https:\/\/operafuoco.fr\/en\/wp-json\/wp\/v2\/categories?post=2889"},{"taxonomy":"post_tag","embeddable":true,"href":"https:\/\/operafuoco.fr\/en\/wp-json\/wp\/v2\/tags?post=2889"}],"curies":[{"name":"wp","href":"https:\/\/api.w.org\/{rel}","templated":true}]}}