{"id":3577,"date":"2021-10-01T14:26:12","date_gmt":"2021-10-01T14:26:12","guid":{"rendered":"https:\/\/operafuoco.fr\/?p=3577"},"modified":"2022-09-08T10:26:34","modified_gmt":"2022-09-08T10:26:34","slug":"baritenor-les-grandes-voix","status":"publish","type":"post","link":"https:\/\/operafuoco.fr\/en\/baritenor-les-grandes-voix\/","title":{"rendered":"BariTenor &#8211; Les Grandes Voix"},"content":{"rendered":"<div class=\"wp-block-cover alignwide\" style=\"min-height:600px;aspect-ratio:unset;\"><img loading=\"lazy\" decoding=\"async\" width=\"2000\" height=\"1298\" class=\"wp-block-cover__image-background wp-image-3186\" alt=\"\" src=\"https:\/\/operafuoco.fr\/wp-content\/uploads\/2021\/09\/Michael-Spyres-credit-Marco-Borrelli.jpg\" data-object-fit=\"cover\" srcset=\"https:\/\/operafuoco.fr\/wp-content\/uploads\/2021\/09\/Michael-Spyres-credit-Marco-Borrelli.jpg 2000w, https:\/\/operafuoco.fr\/wp-content\/uploads\/2021\/09\/Michael-Spyres-credit-Marco-Borrelli-300x195.jpg 300w, https:\/\/operafuoco.fr\/wp-content\/uploads\/2021\/09\/Michael-Spyres-credit-Marco-Borrelli-1024x664.jpg 1024w, https:\/\/operafuoco.fr\/wp-content\/uploads\/2021\/09\/Michael-Spyres-credit-Marco-Borrelli-768x498.jpg 768w, https:\/\/operafuoco.fr\/wp-content\/uploads\/2021\/09\/Michael-Spyres-credit-Marco-Borrelli-500x324.jpg 500w, https:\/\/operafuoco.fr\/wp-content\/uploads\/2021\/09\/Michael-Spyres-credit-Marco-Borrelli-800x519.jpg 800w, https:\/\/operafuoco.fr\/wp-content\/uploads\/2021\/09\/Michael-Spyres-credit-Marco-Borrelli-1280x830.jpg 1280w, https:\/\/operafuoco.fr\/wp-content\/uploads\/2021\/09\/Michael-Spyres-credit-Marco-Borrelli-1920x1246.jpg 1920w, https:\/\/operafuoco.fr\/wp-content\/uploads\/2021\/09\/Michael-Spyres-credit-Marco-Borrelli-1536x997.jpg 1536w, https:\/\/operafuoco.fr\/wp-content\/uploads\/2021\/09\/Michael-Spyres-credit-Marco-Borrelli-2048x1329.jpg 2048w, https:\/\/operafuoco.fr\/wp-content\/uploads\/2021\/09\/Michael-Spyres-credit-Marco-Borrelli-16x10.jpg 16w\" sizes=\"(max-width: 2000px) 100vw, 2000px\" \/><div class=\"wp-block-cover__inner-container is-layout-flow wp-block-cover-is-layout-flow\">\n<p class=\"has-text-align-center has-large-font-size\"><span style=\"color: #000000;\" class=\"stk-highlight\">BariTenor &#8211; Les Grandes Voix<\/span><\/p>\n<\/div><\/div>\n\n\n<style>#kt-layout-id_1224fa-fe > .kt-row-column-wrap{align-content:start;}:where(#kt-layout-id_1224fa-fe > .kt-row-column-wrap) > .wp-block-kadence-column{justify-content:start;}#kt-layout-id_1224fa-fe > .kt-row-column-wrap{column-gap:80px;row-gap:var(--global-kb-gap-md, 2rem);padding-top:var( --global-kb-row-default-top, 25px );padding-bottom:var( --global-kb-row-default-bottom, 25px );padding-top:var(--global-kb-spacing-sm, 1.5rem);padding-bottom:var(--global-kb-spacing-sm, 1.5rem);grid-template-columns:minmax(0, 81%) minmax(0, 19%);}#kt-layout-id_1224fa-fe > .kt-row-layout-overlay{opacity:0.30;}@media all and (max-width: 1024px){#kt-layout-id_1224fa-fe > .kt-row-column-wrap{grid-template-columns:repeat(2, minmax(0, 1fr));}}@media all and (max-width: 767px){#kt-layout-id_1224fa-fe > .kt-row-column-wrap{grid-template-columns:minmax(0, 1fr);}}<\/style>\n<div class=\"wp-block-kadence-rowlayout alignnone\"><div id=\"kt-layout-id_1224fa-fe\" class=\"kt-row-layout-inner kt-layout-id_1224fa-fe\"><div class=\"kt-row-column-wrap kt-has-2-columns kt-gutter-widest kt-v-gutter-default kt-row-valign-top kt-row-layout-equal kt-tab-layout-inherit kt-m-colapse-left-to-right kt-mobile-layout-row  kt-custom-first-width-81  kt-custom-second-width-19\"><style>.kadence-column_78e344-20 > .kt-inside-inner-col{border-top-width:0px;border-right-width:0px;border-bottom-width:0px;border-left-width:0px;}.kadence-column_78e344-20 > .kt-inside-inner-col,.kadence-column_78e344-20 > .kt-inside-inner-col:before{border-top-left-radius:0px;border-top-right-radius:0px;border-bottom-right-radius:0px;border-bottom-left-radius:0px;}.kadence-column_78e344-20 > .kt-inside-inner-col:before{opacity:0.3;}.kadence-column_78e344-20{position:relative;}<\/style>\n<div class=\"wp-block-kadence-column inner-column-1 kadence-column_78e344-20\"><div class=\"kt-inside-inner-col\"><style>.wp-block-kadence-advancedheading.kt-adv-heading_3769c2-5a, .wp-block-kadence-advancedheading.kt-adv-heading_3769c2-5a[data-kb-block=\"kb-adv-heading_3769c2-5a\"]{text-align:left;font-style:normal;}.wp-block-kadence-advancedheading.kt-adv-heading_3769c2-5a mark, .wp-block-kadence-advancedheading.kt-adv-heading_3769c2-5a[data-kb-block=\"kb-adv-heading_3769c2-5a\"] mark{font-style:normal;color:#f76a0c;padding-top:0px;padding-right:0px;padding-bottom:0px;padding-left:0px;}<\/style>\n<p class=\"kt-adv-heading_3769c2-5a wp-block-kadence-advancedheading\" data-kb-block=\"kb-adv-heading_3769c2-5a\"><strong><span style=\"color: #ff6900;\" class=\"ugb-highlight\">TITLE<\/span><\/strong><\/p>\n\n\n<style>.wp-block-kadence-advancedheading.kt-adv-heading_012ee2-0d, .wp-block-kadence-advancedheading.kt-adv-heading_012ee2-0d[data-kb-block=\"kb-adv-heading_012ee2-0d\"]{font-style:normal;}.wp-block-kadence-advancedheading.kt-adv-heading_012ee2-0d mark, .wp-block-kadence-advancedheading.kt-adv-heading_012ee2-0d[data-kb-block=\"kb-adv-heading_012ee2-0d\"] mark{font-style:normal;color:#f76a0c;padding-top:0px;padding-right:0px;padding-bottom:0px;padding-left:0px;}<\/style>\n<h2 class=\"kt-adv-heading_012ee2-0d wp-block-kadence-advancedheading\" data-kb-block=\"kb-adv-heading_012ee2-0d\">BariTenor &#8211; Les Grandes Voix<\/h2>\n\n\n<style>.wp-block-kadence-advancedheading.kt-adv-heading_eca8e4-3b, .wp-block-kadence-advancedheading.kt-adv-heading_eca8e4-3b[data-kb-block=\"kb-adv-heading_eca8e4-3b\"]{font-style:normal;}.wp-block-kadence-advancedheading.kt-adv-heading_eca8e4-3b mark, .wp-block-kadence-advancedheading.kt-adv-heading_eca8e4-3b[data-kb-block=\"kb-adv-heading_eca8e4-3b\"] mark{font-style:normal;color:#f76a0c;padding-top:0px;padding-right:0px;padding-bottom:0px;padding-left:0px;}<\/style>\n<p class=\"kt-adv-heading_eca8e4-3b wp-block-kadence-advancedheading\" data-kb-block=\"kb-adv-heading_eca8e4-3b\"><strong><span style=\"color: #ff6900;\" class=\"ugb-highlight\">ABOUT<\/span><\/strong><\/p>\n\n\n\n<p>Michael Spyres is a singer with an extraordinary voice.  The American tenor is one of the few opera artists who navigates easily between repertoires with the help of a phenomenal range.  He belongs to the category of \"baritenore\" (as Manuel Garcia or Andrea Nozzari were before him), having a baritone voice with a developed treble that can take on arias that mix elements or areas that belong to both categories with great ease.<\/p>\n\n\n\n<p>This recital caters to Spyers\u2019 exceptional range and features composers such as Mozart, Verdi and Lehar who knew to exploit the vast color palette of the barytenor for their most striking roles. Michael Spyers collaborates with David Stern and the Opera Fuoco Orchestra for this exceptional evening in the series of Les Grandes Voix.&nbsp;<\/p>\n\n\n<style>.wp-block-kadence-advancedheading.kt-adv-heading_f9e7ae-4d, .wp-block-kadence-advancedheading.kt-adv-heading_f9e7ae-4d[data-kb-block=\"kb-adv-heading_f9e7ae-4d\"]{font-style:normal;}.wp-block-kadence-advancedheading.kt-adv-heading_f9e7ae-4d mark, .wp-block-kadence-advancedheading.kt-adv-heading_f9e7ae-4d[data-kb-block=\"kb-adv-heading_f9e7ae-4d\"] mark{font-style:normal;color:#f76a0c;padding-top:0px;padding-right:0px;padding-bottom:0px;padding-left:0px;}<\/style>\n<p class=\"kt-adv-heading_f9e7ae-4d wp-block-kadence-advancedheading\" data-kb-block=\"kb-adv-heading_f9e7ae-4d\"><strong><span style=\"color: #ff6900;\" class=\"ugb-highlight\">CREATIVE TEAM<\/span><\/strong><\/p>\n\n\n\n<p class=\" translation-block\"><strong>David Stern<\/strong> \u2013\u00a0Musical direction<\/p>\n\n\n<style>.wp-block-kadence-advancedheading.kt-adv-heading_db9f53-9b, .wp-block-kadence-advancedheading.kt-adv-heading_db9f53-9b[data-kb-block=\"kb-adv-heading_db9f53-9b\"]{font-style:normal;}.wp-block-kadence-advancedheading.kt-adv-heading_db9f53-9b mark, .wp-block-kadence-advancedheading.kt-adv-heading_db9f53-9b[data-kb-block=\"kb-adv-heading_db9f53-9b\"] mark{font-style:normal;color:#f76a0c;padding-top:0px;padding-right:0px;padding-bottom:0px;padding-left:0px;}<\/style>\n<p class=\"kt-adv-heading_db9f53-9b wp-block-kadence-advancedheading translation-block\" data-kb-block=\"kb-adv-heading_db9f53-9b\"><span class=\"has-inline-color has-luminous-vivid-orange-color\"><strong>ART<\/strong><\/span><strong><span class=\"has-inline-color has-luminous-vivid-orange-color\">ISTS<\/span><\/strong><\/p>\n\n\n\n<p><strong>Soliste<\/strong> \u2013 Michael Spyres<\/p>\n\n\n\n<p><strong>Opera Fuoco Orchestra<\/strong><\/p>\n\n\n<style>.wp-block-kadence-advancedheading.kt-adv-heading_088ba6-7f, .wp-block-kadence-advancedheading.kt-adv-heading_088ba6-7f[data-kb-block=\"kb-adv-heading_088ba6-7f\"]{font-style:normal;}.wp-block-kadence-advancedheading.kt-adv-heading_088ba6-7f mark, .wp-block-kadence-advancedheading.kt-adv-heading_088ba6-7f[data-kb-block=\"kb-adv-heading_088ba6-7f\"] mark{font-style:normal;color:#f76a0c;padding-top:0px;padding-right:0px;padding-bottom:0px;padding-left:0px;}<\/style>\n<p class=\"kt-adv-heading_088ba6-7f wp-block-kadence-advancedheading\" data-kb-block=\"kb-adv-heading_088ba6-7f\"><span class=\"has-inline-color has-luminous-vivid-orange-color\"><strong>PROGRAM<\/strong><\/span>&nbsp;<\/p>\n\n\n\n<p id=\"block-4a1a368a-c978-40fb-b76d-db68f3da2f68\"><strong>Wolfgang Amadeus Mozart<br><\/strong><em>Idomeneo, K. 366<\/em>, Ouverture<br><em>Idomeneo, K. 366<\/em>, \u00ab&nbsp;Fuor del mar&nbsp;\u00bb<\/p>\n\n\n\n<p id=\"block-4ceb45b0-a0e8-4b56-ab95-a3453010088a\"><strong>Gaspare Spontini<\/strong><br><em>La Vestale<\/em>, \u00ab&nbsp;Qu\u2019ai-je vu ! quels appr\u00eats !&nbsp;\u00bb<\/p>\n\n\n\n<p id=\"block-ec65fc17-89f5-4b98-b8f4-8f6746490798\"><strong>Gioachino Rossini<\/strong><br><em>Otello<\/em>, \u00ab Ah! s\u00ec, per voi gi\u00e0 sento \u00bb<\/p>\n\n\n\n<p><strong>Giovanni Simone Mayr<br><\/strong><em>L&rsquo;amor conjugale<\/em>, Ouverture<\/p>\n\n\n\n<p id=\"block-6697b939-d3cc-4f3b-89a6-100b5c0fa095\"><strong>Gaetano Donizetti<\/strong><br><em>La Fille du R\u00e9giment<\/em>, \u00ab&nbsp;Ah ! mes amis\u2026 Pour mon \u00e2me&nbsp;\u00bb<\/p>\n\n\n\n<p id=\"block-afb7ef93-100f-438f-a2f3-c73549d28b15\"><strong>Gioachino Rossini<\/strong><br><em>Il barbiere di Siviglia<\/em>, \u00ab Largo al factotum \u00bb<br><em>Il barbiere di Siviglia<\/em>, Ouverture<\/p>\n\n\n\n<p id=\"block-1fac99cc-d3b2-4696-80ce-7f266b1ac723\"><strong>Wolfgang Amadeus Mozart<\/strong><br><em>Le nozze di Figaro<\/em>, K. 492, \u00ab Hai gia vinta la causa\u2026 \u00bb<br><em>Le nozze di Figaro<\/em>, K. 492, Ouverture<\/p>\n\n\n\n<p id=\"block-3e1b0475-ac9c-489d-b2bc-3eebdaae71f8\"><strong>Giuseppe Verdi<\/strong><br><em>Il Trovatore<\/em>, \u00ab&nbsp;Tutto \u00e8 deserto\u2026 Il balen&nbsp;\u00bb<\/p>\n\n\n\n<p id=\"block-1b27422f-bcf5-4ca2-9ce7-a58071ae3019\"><strong>Franz Leh\u00e1r<\/strong><br><em>Die lustige Witwe<\/em>, \u00ab&nbsp;O Vaterland\u2026 Da geh ich zu Maxim&nbsp;\u00bb<\/p>\n\n\n\n<p id=\"block-f83f7490-3290-4727-ae2b-9d8bd9680186\"><strong>Jacques Offenbach<\/strong><br><em>Les Contes d\u2019Hoffmann<\/em>, \u00ab Va pour Kleinzach \u00bb<\/p>\n<\/div><\/div>\n\n\n<style>.kadence-column_183ad4-9b > .kt-inside-inner-col{border-top-width:0px;border-right-width:0px;border-bottom-width:0px;border-left-width:0px;}.kadence-column_183ad4-9b > .kt-inside-inner-col,.kadence-column_183ad4-9b > .kt-inside-inner-col:before{border-top-left-radius:0px;border-top-right-radius:0px;border-bottom-right-radius:0px;border-bottom-left-radius:0px;}.kadence-column_183ad4-9b > .kt-inside-inner-col:before{opacity:0.3;}.kadence-column_183ad4-9b{position:relative;}<\/style>\n<div class=\"wp-block-kadence-column inner-column-2 kadence-column_183ad4-9b\"><div class=\"kt-inside-inner-col\"><style>.wp-block-kadence-advancedheading.kt-adv-heading_877873-d8, .wp-block-kadence-advancedheading.kt-adv-heading_877873-d8[data-kb-block=\"kb-adv-heading_877873-d8\"]{font-weight:bold;font-style:normal;}.wp-block-kadence-advancedheading.kt-adv-heading_877873-d8 mark, .wp-block-kadence-advancedheading.kt-adv-heading_877873-d8[data-kb-block=\"kb-adv-heading_877873-d8\"] mark{font-style:normal;color:#f76a0c;padding-top:0px;padding-right:0px;padding-bottom:0px;padding-left:0px;}<\/style>\n<h4 class=\"kt-adv-heading_877873-d8 wp-block-kadence-advancedheading\" data-kb-block=\"kb-adv-heading_877873-d8\">DATE<\/h4>\n\n\n<style>.wp-block-kadence-advancedheading.kt-adv-heading_8b8326-4a, .wp-block-kadence-advancedheading.kt-adv-heading_8b8326-4a[data-kb-block=\"kb-adv-heading_8b8326-4a\"]{font-style:normal;}.wp-block-kadence-advancedheading.kt-adv-heading_8b8326-4a mark, .wp-block-kadence-advancedheading.kt-adv-heading_8b8326-4a[data-kb-block=\"kb-adv-heading_8b8326-4a\"] mark{font-style:normal;color:#f76a0c;padding-top:0px;padding-right:0px;padding-bottom:0px;padding-left:0px;}<\/style>\n<h5 class=\"kt-adv-heading_8b8326-4a wp-block-kadence-advancedheading\" data-kb-block=\"kb-adv-heading_8b8326-4a\"><strong>Thursday, May 19, 2022<\/strong><\/h5>\n\n\n<style>.wp-block-kadence-advancedheading.kt-adv-heading_df18d8-02, .wp-block-kadence-advancedheading.kt-adv-heading_df18d8-02[data-kb-block=\"kb-adv-heading_df18d8-02\"]{font-style:normal;}.wp-block-kadence-advancedheading.kt-adv-heading_df18d8-02 mark, .wp-block-kadence-advancedheading.kt-adv-heading_df18d8-02[data-kb-block=\"kb-adv-heading_df18d8-02\"] mark{font-style:normal;color:#f76a0c;padding-top:0px;padding-right:0px;padding-bottom:0px;padding-left:0px;}<\/style>\n<h5 class=\"kt-adv-heading_df18d8-02 wp-block-kadence-advancedheading\" data-kb-block=\"kb-adv-heading_df18d8-02\"><em>Th\u00e9\u00e2tre des Champs \u00c9lys\u00e9es <\/em><br><em>15 Av. Montaigne, 75008 Paris<\/em><\/h5>\n\n\n\n<div class=\"wp-block-kioken-advancedbtn kt-btn-align-left kt-btns-wrap kt-btns_ca907f-4b\"><div class=\"kt-btn-wrap kt-btn-wrap-0 btn-fullw\"><a class=\"kt-button kt-btn-0-action   kt-btn-svg-show-always kt-btn-has-text-true kt-btn-has-svg-false\" href=\"https:\/\/www.theatrechampselysees.fr\/saison\/recital-chant\/michael-spyres\" target=\"_blank\" rel=\"noreferrer noopener\" style=\"font-size:16px;border-radius:3px;border-width:2px\"><span class=\"kt-btn-inner-text\">RESERVATION<\/span><\/a><\/div><\/div>\n<\/div><\/div>\n<\/div><\/div><\/div>","protected":false},"excerpt":{"rendered":"<p>TITRE BariTenor &#8211; Les Grandes Voix \u00c0 PROPOS Michael Spyres est un chanteur \u00e0 la voix hors du commun.&nbsp;Le t\u00e9nor&nbsp;am\u00e9ricain appartient \u00e0&nbsp;la cat\u00e9gorie&nbsp;des baryt\u00e9nors (comme&hellip;<\/p>","protected":false},"author":1,"featured_media":3186,"comment_status":"closed","ping_status":"closed","sticky":false,"template":"","format":"standard","meta":{"qubely_global_settings":"","qubely_interactions":"","_coblocks_attr":"","_coblocks_dimensions":"","_coblocks_responsive_height":"","_coblocks_accordion_ie_support":"","_uag_custom_page_level_css":"","kk_blocks_editor_width":"","_kiokenblocks_attr":"","_kiokenblocks_dimensions":"","_vp_format_video_url":"","_vp_image_focal_point":[],"footnotes":""},"categories":[74],"tags":[137],"class_list":["post-3577","post","type-post","status-publish","format-standard","has-post-thumbnail","hentry","category-concerts","tag-archive"],"featured_image_urls":{"full":["https:\/\/operafuoco.fr\/wp-content\/uploads\/2021\/09\/Michael-Spyres-credit-Marco-Borrelli.jpg",2000,1298,false],"thumbnail":["https:\/\/operafuoco.fr\/wp-content\/uploads\/2021\/09\/Michael-Spyres-credit-Marco-Borrelli-150x150.jpg",150,150,true],"medium":["https:\/\/operafuoco.fr\/wp-content\/uploads\/2021\/09\/Michael-Spyres-credit-Marco-Borrelli-300x195.jpg",300,195,true],"medium_large":["https:\/\/operafuoco.fr\/wp-content\/uploads\/2021\/09\/Michael-Spyres-credit-Marco-Borrelli-768x498.jpg",768,498,true],"large":["https:\/\/operafuoco.fr\/wp-content\/uploads\/2021\/09\/Michael-Spyres-credit-Marco-Borrelli-1024x664.jpg",843,547,true],"thumblist":["https:\/\/operafuoco.fr\/wp-content\/uploads\/2021\/09\/Michael-Spyres-credit-Marco-Borrelli-300x300.jpg",300,300,true],"meccarouselthumb":["https:\/\/operafuoco.fr\/wp-content\/uploads\/2021\/09\/Michael-Spyres-credit-Marco-Borrelli-474x324.jpg",474,324,true],"gridsquare":["https:\/\/operafuoco.fr\/wp-content\/uploads\/2021\/09\/Michael-Spyres-credit-Marco-Borrelli-391x260.jpg",391,260,true],"tileview":["https:\/\/operafuoco.fr\/wp-content\/uploads\/2021\/09\/Michael-Spyres-credit-Marco-Borrelli-300x400.jpg",300,400,true],"1536x1536":["https:\/\/operafuoco.fr\/wp-content\/uploads\/2021\/09\/Michael-Spyres-credit-Marco-Borrelli-1536x997.jpg",1536,997,true],"2048x2048":["https:\/\/operafuoco.fr\/wp-content\/uploads\/2021\/09\/Michael-Spyres-credit-Marco-Borrelli-2048x1329.jpg",2048,1329,true],"trp-custom-language-flag":["https:\/\/operafuoco.fr\/wp-content\/uploads\/2021\/09\/Michael-Spyres-credit-Marco-Borrelli-16x10.jpg",16,10,true],"qubely_landscape":["https:\/\/operafuoco.fr\/wp-content\/uploads\/2021\/09\/Michael-Spyres-credit-Marco-Borrelli.jpg",1156,750,false],"qubely_portrait":["https:\/\/operafuoco.fr\/wp-content\/uploads\/2021\/09\/Michael-Spyres-credit-Marco-Borrelli.jpg",493,320,false],"qubely_thumbnail":["https:\/\/operafuoco.fr\/wp-content\/uploads\/2021\/09\/Michael-Spyres-credit-Marco-Borrelli.jpg",140,91,false],"vp_sm":["https:\/\/operafuoco.fr\/wp-content\/uploads\/2021\/09\/Michael-Spyres-credit-Marco-Borrelli-500x324.jpg",500,324,true],"vp_md":["https:\/\/operafuoco.fr\/wp-content\/uploads\/2021\/09\/Michael-Spyres-credit-Marco-Borrelli-800x519.jpg",800,519,true],"vp_lg":["https:\/\/operafuoco.fr\/wp-content\/uploads\/2021\/09\/Michael-Spyres-credit-Marco-Borrelli-1280x830.jpg",1280,830,true],"vp_xl":["https:\/\/operafuoco.fr\/wp-content\/uploads\/2021\/09\/Michael-Spyres-credit-Marco-Borrelli-1920x1246.jpg",1920,1246,true],"vp_sm_popup":["https:\/\/operafuoco.fr\/wp-content\/uploads\/2021\/09\/Michael-Spyres-credit-Marco-Borrelli-500x324.jpg",500,324,true],"vp_md_popup":["https:\/\/operafuoco.fr\/wp-content\/uploads\/2021\/09\/Michael-Spyres-credit-Marco-Borrelli-800x519.jpg",800,519,true],"vp_xl_popup":["https:\/\/operafuoco.fr\/wp-content\/uploads\/2021\/09\/Michael-Spyres-credit-Marco-Borrelli-1920x1246.jpg",1920,1246,true]},"post_excerpt_stackable":"<p>BariTenor &#8211; Les Grandes Voix TITRE BariTenor &#8211; Les Grandes Voix \u00c0 PROPOS Michael Spyres est un chanteur \u00e0 la voix hors du commun.&nbsp;Le t\u00e9nor&nbsp;am\u00e9ricain appartient \u00e0&nbsp;la cat\u00e9gorie&nbsp;des baryt\u00e9nors (comme Manuel Garcia ou Andrea Nozzari avant lui), dont la voix de baryton \u00e0 l\u2019aigu d\u00e9velopp\u00e9 s\u2019empare avec une aisance folle des airs m\u00ealant des \u00e9l\u00e9ments&nbsp;qui appartiennent aux deux voix. Ce r\u00e9cital propose une vue d\u2019ensemble de cette tessiture tr\u00e8s particuli\u00e8re. Des compositeurs tels que Mozart, Verdi ou Lehar ont utilis\u00e9 la vaste gamme de couleurs des&nbsp;baryt\u00e9nors pour des r\u00f4les aux caract\u00e8res tr\u00e8s marqu\u00e9s. Pour le lancement de l\u2019enregistrement de ce&hellip;<\/p>\n","category_list":"<a href=\"https:\/\/operafuoco.fr\/en\/category\/concerts\/\" rel=\"category tag\">Concerts<\/a>","author_info":{"display_name":"admin","author_link":"https:\/\/operafuoco.fr\/en\/author\/admin\/"},"comments_num":"0 comments","aioseo_notices":[],"qubely_featured_image_url":{"full":["https:\/\/operafuoco.fr\/wp-content\/uploads\/2021\/09\/Michael-Spyres-credit-Marco-Borrelli.jpg",2000,1298,false],"landscape":["https:\/\/operafuoco.fr\/wp-content\/uploads\/2021\/09\/Michael-Spyres-credit-Marco-Borrelli.jpg",1156,750,false],"portraits":["https:\/\/operafuoco.fr\/wp-content\/uploads\/2021\/09\/Michael-Spyres-credit-Marco-Borrelli.jpg",493,320,false],"thumbnail":["https:\/\/operafuoco.fr\/wp-content\/uploads\/2021\/09\/Michael-Spyres-credit-Marco-Borrelli-150x150.jpg",150,150,true],"medium":["https:\/\/operafuoco.fr\/wp-content\/uploads\/2021\/09\/Michael-Spyres-credit-Marco-Borrelli-300x195.jpg",300,195,true],"medium_large":["https:\/\/operafuoco.fr\/wp-content\/uploads\/2021\/09\/Michael-Spyres-credit-Marco-Borrelli-768x498.jpg",768,498,true],"large":["https:\/\/operafuoco.fr\/wp-content\/uploads\/2021\/09\/Michael-Spyres-credit-Marco-Borrelli-1024x664.jpg",843,547,true],"thumblist":["https:\/\/operafuoco.fr\/wp-content\/uploads\/2021\/09\/Michael-Spyres-credit-Marco-Borrelli-300x300.jpg",300,300,true],"meccarouselthumb":["https:\/\/operafuoco.fr\/wp-content\/uploads\/2021\/09\/Michael-Spyres-credit-Marco-Borrelli-474x324.jpg",474,324,true],"gridsquare":["https:\/\/operafuoco.fr\/wp-content\/uploads\/2021\/09\/Michael-Spyres-credit-Marco-Borrelli-391x260.jpg",391,260,true],"tileview":["https:\/\/operafuoco.fr\/wp-content\/uploads\/2021\/09\/Michael-Spyres-credit-Marco-Borrelli-300x400.jpg",300,400,true],"1536x1536":["https:\/\/operafuoco.fr\/wp-content\/uploads\/2021\/09\/Michael-Spyres-credit-Marco-Borrelli-1536x997.jpg",1536,997,true],"2048x2048":["https:\/\/operafuoco.fr\/wp-content\/uploads\/2021\/09\/Michael-Spyres-credit-Marco-Borrelli-2048x1329.jpg",2048,1329,true],"trp-custom-language-flag":["https:\/\/operafuoco.fr\/wp-content\/uploads\/2021\/09\/Michael-Spyres-credit-Marco-Borrelli-16x10.jpg",16,10,true],"qubely_landscape":["https:\/\/operafuoco.fr\/wp-content\/uploads\/2021\/09\/Michael-Spyres-credit-Marco-Borrelli.jpg",1156,750,false],"qubely_portrait":["https:\/\/operafuoco.fr\/wp-content\/uploads\/2021\/09\/Michael-Spyres-credit-Marco-Borrelli.jpg",493,320,false],"qubely_thumbnail":["https:\/\/operafuoco.fr\/wp-content\/uploads\/2021\/09\/Michael-Spyres-credit-Marco-Borrelli.jpg",140,91,false],"vp_sm":["https:\/\/operafuoco.fr\/wp-content\/uploads\/2021\/09\/Michael-Spyres-credit-Marco-Borrelli-500x324.jpg",500,324,true],"vp_md":["https:\/\/operafuoco.fr\/wp-content\/uploads\/2021\/09\/Michael-Spyres-credit-Marco-Borrelli-800x519.jpg",800,519,true],"vp_lg":["https:\/\/operafuoco.fr\/wp-content\/uploads\/2021\/09\/Michael-Spyres-credit-Marco-Borrelli-1280x830.jpg",1280,830,true],"vp_xl":["https:\/\/operafuoco.fr\/wp-content\/uploads\/2021\/09\/Michael-Spyres-credit-Marco-Borrelli-1920x1246.jpg",1920,1246,true],"vp_sm_popup":["https:\/\/operafuoco.fr\/wp-content\/uploads\/2021\/09\/Michael-Spyres-credit-Marco-Borrelli-500x324.jpg",500,324,true],"vp_md_popup":["https:\/\/operafuoco.fr\/wp-content\/uploads\/2021\/09\/Michael-Spyres-credit-Marco-Borrelli-800x519.jpg",800,519,true],"vp_xl_popup":["https:\/\/operafuoco.fr\/wp-content\/uploads\/2021\/09\/Michael-Spyres-credit-Marco-Borrelli-1920x1246.jpg",1920,1246,true]},"qubely_author":{"display_name":"admin","author_link":"https:\/\/operafuoco.fr\/en\/author\/admin\/"},"qubely_comment":0,"qubely_category":"<a href=\"https:\/\/operafuoco.fr\/en\/category\/concerts\/\" rel=\"category tag\">Concerts<\/a>","qubely_excerpt":"TITRE BariTenor &#8211; Les Grandes Voix \u00c0 PROPOS Michael Spyres est un chanteur \u00e0 la voix hors du commun.&nbsp;Le t\u00e9nor&nbsp;am\u00e9ricain appartient \u00e0&nbsp;la cat\u00e9gorie&nbsp;des baryt\u00e9nors (comme&hellip;","featured_image_src":"https:\/\/operafuoco.fr\/wp-content\/uploads\/2021\/09\/Michael-Spyres-credit-Marco-Borrelli.jpg","featured_image_src_square":"https:\/\/operafuoco.fr\/wp-content\/uploads\/2021\/09\/Michael-Spyres-credit-Marco-Borrelli.jpg","rbea_author_info":{"display_name":"admin","author_link":"https:\/\/operafuoco.fr\/en\/author\/admin\/"},"rbea_excerpt_info":"TITRE BariTenor &#8211; Les Grandes Voix \u00c0 PROPOS Michael Spyres est un chanteur \u00e0 la voix hors du commun.&nbsp;Le t\u00e9nor&nbsp;am\u00e9ricain appartient \u00e0&nbsp;la cat\u00e9gorie&nbsp;des baryt\u00e9nors (comme&hellip;","uagb_featured_image_src":{"full":["https:\/\/operafuoco.fr\/wp-content\/uploads\/2021\/09\/Michael-Spyres-credit-Marco-Borrelli.jpg",2000,1298,false],"thumbnail":["https:\/\/operafuoco.fr\/wp-content\/uploads\/2021\/09\/Michael-Spyres-credit-Marco-Borrelli-150x150.jpg",150,150,true],"medium":["https:\/\/operafuoco.fr\/wp-content\/uploads\/2021\/09\/Michael-Spyres-credit-Marco-Borrelli-300x195.jpg",300,195,true],"medium_large":["https:\/\/operafuoco.fr\/wp-content\/uploads\/2021\/09\/Michael-Spyres-credit-Marco-Borrelli-768x498.jpg",768,498,true],"large":["https:\/\/operafuoco.fr\/wp-content\/uploads\/2021\/09\/Michael-Spyres-credit-Marco-Borrelli-1024x664.jpg",843,547,true],"thumblist":["https:\/\/operafuoco.fr\/wp-content\/uploads\/2021\/09\/Michael-Spyres-credit-Marco-Borrelli-300x300.jpg",300,300,true],"meccarouselthumb":["https:\/\/operafuoco.fr\/wp-content\/uploads\/2021\/09\/Michael-Spyres-credit-Marco-Borrelli-474x324.jpg",474,324,true],"gridsquare":["https:\/\/operafuoco.fr\/wp-content\/uploads\/2021\/09\/Michael-Spyres-credit-Marco-Borrelli-391x260.jpg",391,260,true],"tileview":["https:\/\/operafuoco.fr\/wp-content\/uploads\/2021\/09\/Michael-Spyres-credit-Marco-Borrelli-300x400.jpg",300,400,true],"1536x1536":["https:\/\/operafuoco.fr\/wp-content\/uploads\/2021\/09\/Michael-Spyres-credit-Marco-Borrelli-1536x997.jpg",1536,997,true],"2048x2048":["https:\/\/operafuoco.fr\/wp-content\/uploads\/2021\/09\/Michael-Spyres-credit-Marco-Borrelli-2048x1329.jpg",2048,1329,true],"trp-custom-language-flag":["https:\/\/operafuoco.fr\/wp-content\/uploads\/2021\/09\/Michael-Spyres-credit-Marco-Borrelli-16x10.jpg",16,10,true],"qubely_landscape":["https:\/\/operafuoco.fr\/wp-content\/uploads\/2021\/09\/Michael-Spyres-credit-Marco-Borrelli.jpg",1156,750,false],"qubely_portrait":["https:\/\/operafuoco.fr\/wp-content\/uploads\/2021\/09\/Michael-Spyres-credit-Marco-Borrelli.jpg",493,320,false],"qubely_thumbnail":["https:\/\/operafuoco.fr\/wp-content\/uploads\/2021\/09\/Michael-Spyres-credit-Marco-Borrelli.jpg",140,91,false],"vp_sm":["https:\/\/operafuoco.fr\/wp-content\/uploads\/2021\/09\/Michael-Spyres-credit-Marco-Borrelli-500x324.jpg",500,324,true],"vp_md":["https:\/\/operafuoco.fr\/wp-content\/uploads\/2021\/09\/Michael-Spyres-credit-Marco-Borrelli-800x519.jpg",800,519,true],"vp_lg":["https:\/\/operafuoco.fr\/wp-content\/uploads\/2021\/09\/Michael-Spyres-credit-Marco-Borrelli-1280x830.jpg",1280,830,true],"vp_xl":["https:\/\/operafuoco.fr\/wp-content\/uploads\/2021\/09\/Michael-Spyres-credit-Marco-Borrelli-1920x1246.jpg",1920,1246,true],"vp_sm_popup":["https:\/\/operafuoco.fr\/wp-content\/uploads\/2021\/09\/Michael-Spyres-credit-Marco-Borrelli-500x324.jpg",500,324,true],"vp_md_popup":["https:\/\/operafuoco.fr\/wp-content\/uploads\/2021\/09\/Michael-Spyres-credit-Marco-Borrelli-800x519.jpg",800,519,true],"vp_xl_popup":["https:\/\/operafuoco.fr\/wp-content\/uploads\/2021\/09\/Michael-Spyres-credit-Marco-Borrelli-1920x1246.jpg",1920,1246,true]},"uagb_author_info":{"display_name":"admin","author_link":"https:\/\/operafuoco.fr\/en\/author\/admin\/"},"uagb_comment_info":0,"uagb_excerpt":"TITRE BariTenor &#8211; Les Grandes Voix \u00c0 PROPOS Michael Spyres est un chanteur \u00e0 la voix hors du commun.&nbsp;Le t\u00e9nor&nbsp;am\u00e9ricain appartient \u00e0&nbsp;la cat\u00e9gorie&nbsp;des baryt\u00e9nors (comme&hellip;","_links":{"self":[{"href":"https:\/\/operafuoco.fr\/en\/wp-json\/wp\/v2\/posts\/3577"}],"collection":[{"href":"https:\/\/operafuoco.fr\/en\/wp-json\/wp\/v2\/posts"}],"about":[{"href":"https:\/\/operafuoco.fr\/en\/wp-json\/wp\/v2\/types\/post"}],"author":[{"embeddable":true,"href":"https:\/\/operafuoco.fr\/en\/wp-json\/wp\/v2\/users\/1"}],"replies":[{"embeddable":true,"href":"https:\/\/operafuoco.fr\/en\/wp-json\/wp\/v2\/comments?post=3577"}],"version-history":[{"count":46,"href":"https:\/\/operafuoco.fr\/en\/wp-json\/wp\/v2\/posts\/3577\/revisions"}],"predecessor-version":[{"id":4392,"href":"https:\/\/operafuoco.fr\/en\/wp-json\/wp\/v2\/posts\/3577\/revisions\/4392"}],"wp:featuredmedia":[{"embeddable":true,"href":"https:\/\/operafuoco.fr\/en\/wp-json\/wp\/v2\/media\/3186"}],"wp:attachment":[{"href":"https:\/\/operafuoco.fr\/en\/wp-json\/wp\/v2\/media?parent=3577"}],"wp:term":[{"taxonomy":"category","embeddable":true,"href":"https:\/\/operafuoco.fr\/en\/wp-json\/wp\/v2\/categories?post=3577"},{"taxonomy":"post_tag","embeddable":true,"href":"https:\/\/operafuoco.fr\/en\/wp-json\/wp\/v2\/tags?post=3577"}],"curies":[{"name":"wp","href":"https:\/\/api.w.org\/{rel}","templated":true}]}}