{"id":3969,"date":"2021-10-28T14:13:17","date_gmt":"2021-10-28T14:13:17","guid":{"rendered":"https:\/\/operafuoco.fr\/?p=3969"},"modified":"2022-09-08T10:22:12","modified_gmt":"2022-09-08T10:22:12","slug":"lamor-conjugale-giovanni-simone-mayr","status":"publish","type":"post","link":"https:\/\/operafuoco.fr\/en\/lamor-conjugale-giovanni-simone-mayr\/","title":{"rendered":"L&rsquo;amor conjugale &#8211; Giovanni Simone Mayr"},"content":{"rendered":"<div class=\"wp-block-cover alignwide\" style=\"min-height:600px;aspect-ratio:unset;\"><img loading=\"lazy\" decoding=\"async\" width=\"602\" height=\"586\" class=\"wp-block-cover__image-background wp-image-4146\" alt=\"\" src=\"https:\/\/operafuoco.fr\/wp-content\/uploads\/2019\/04\/Capture-decran-2021-11-23-a-15.38.41.png\" data-object-fit=\"cover\" srcset=\"https:\/\/operafuoco.fr\/wp-content\/uploads\/2019\/04\/Capture-decran-2021-11-23-a-15.38.41.png 602w, https:\/\/operafuoco.fr\/wp-content\/uploads\/2019\/04\/Capture-decran-2021-11-23-a-15.38.41-300x292.png 300w, https:\/\/operafuoco.fr\/wp-content\/uploads\/2019\/04\/Capture-decran-2021-11-23-a-15.38.41-12x12.png 12w, https:\/\/operafuoco.fr\/wp-content\/uploads\/2019\/04\/Capture-decran-2021-11-23-a-15.38.41-500x487.png 500w\" sizes=\"(max-width: 602px) 100vw, 602px\" \/><div class=\"wp-block-cover__inner-container is-layout-flow wp-block-cover-is-layout-flow\">\n<p class=\"has-text-align-center has-large-font-size\"><span style=\"color: #000000;\" class=\"stk-highlight\">L&rsquo;amor conjugale &#8211; Giovanni Simone Mayr<\/span><\/p>\n<\/div><\/div>\n\n\n<style>#kt-layout-id_1224fa-fe > .kt-row-column-wrap{align-content:start;}:where(#kt-layout-id_1224fa-fe > .kt-row-column-wrap) > .wp-block-kadence-column{justify-content:start;}#kt-layout-id_1224fa-fe > .kt-row-column-wrap{column-gap:80px;row-gap:var(--global-kb-gap-md, 2rem);padding-top:var( --global-kb-row-default-top, 25px );padding-bottom:var( --global-kb-row-default-bottom, 25px );padding-top:var(--global-kb-spacing-sm, 1.5rem);padding-bottom:var(--global-kb-spacing-sm, 1.5rem);grid-template-columns:minmax(0, 81%) minmax(0, 19%);}#kt-layout-id_1224fa-fe > .kt-row-layout-overlay{opacity:0.30;}@media all and (max-width: 1024px){#kt-layout-id_1224fa-fe > .kt-row-column-wrap{grid-template-columns:repeat(2, minmax(0, 1fr));}}@media all and (max-width: 767px){#kt-layout-id_1224fa-fe > .kt-row-column-wrap{grid-template-columns:minmax(0, 1fr);}}<\/style>\n<div class=\"wp-block-kadence-rowlayout alignnone\"><div id=\"kt-layout-id_1224fa-fe\" class=\"kt-row-layout-inner kt-layout-id_1224fa-fe\"><div class=\"kt-row-column-wrap kt-has-2-columns kt-gutter-widest kt-v-gutter-default kt-row-valign-top kt-row-layout-equal kt-tab-layout-inherit kt-m-colapse-left-to-right kt-mobile-layout-row  kt-custom-first-width-81  kt-custom-second-width-19\"><style>.kadence-column_78e344-20 > .kt-inside-inner-col{border-top-width:0px;border-right-width:0px;border-bottom-width:0px;border-left-width:0px;}.kadence-column_78e344-20 > .kt-inside-inner-col,.kadence-column_78e344-20 > .kt-inside-inner-col:before{border-top-left-radius:0px;border-top-right-radius:0px;border-bottom-right-radius:0px;border-bottom-left-radius:0px;}.kadence-column_78e344-20 > .kt-inside-inner-col:before{opacity:0.3;}.kadence-column_78e344-20{position:relative;}<\/style>\n<div class=\"wp-block-kadence-column inner-column-1 kadence-column_78e344-20\"><div class=\"kt-inside-inner-col\"><style>.wp-block-kadence-advancedheading.kt-adv-heading_3769c2-5a, .wp-block-kadence-advancedheading.kt-adv-heading_3769c2-5a[data-kb-block=\"kb-adv-heading_3769c2-5a\"]{text-align:left;font-style:normal;}.wp-block-kadence-advancedheading.kt-adv-heading_3769c2-5a mark, .wp-block-kadence-advancedheading.kt-adv-heading_3769c2-5a[data-kb-block=\"kb-adv-heading_3769c2-5a\"] mark{font-style:normal;color:#f76a0c;padding-top:0px;padding-right:0px;padding-bottom:0px;padding-left:0px;}<\/style>\n<p class=\"kt-adv-heading_3769c2-5a wp-block-kadence-advancedheading\" data-kb-block=\"kb-adv-heading_3769c2-5a\"><strong><span style=\"color: #ff6900;\" class=\"ugb-highlight\">TITLE<\/span><\/strong><\/p>\n\n\n<style>.wp-block-kadence-advancedheading.kt-adv-heading_012ee2-0d, .wp-block-kadence-advancedheading.kt-adv-heading_012ee2-0d[data-kb-block=\"kb-adv-heading_012ee2-0d\"]{font-style:normal;}.wp-block-kadence-advancedheading.kt-adv-heading_012ee2-0d mark, .wp-block-kadence-advancedheading.kt-adv-heading_012ee2-0d[data-kb-block=\"kb-adv-heading_012ee2-0d\"] mark{font-style:normal;color:#f76a0c;padding-top:0px;padding-right:0px;padding-bottom:0px;padding-left:0px;}<\/style>\n<h2 class=\"kt-adv-heading_012ee2-0d wp-block-kadence-advancedheading\" data-kb-block=\"kb-adv-heading_012ee2-0d\">L&rsquo;amor conjugale &#8211; Giovanni Simone Mayr<\/h2>\n\n\n<style>.wp-block-kadence-advancedheading.kt-adv-heading_eca8e4-3b, .wp-block-kadence-advancedheading.kt-adv-heading_eca8e4-3b[data-kb-block=\"kb-adv-heading_eca8e4-3b\"]{font-style:normal;}.wp-block-kadence-advancedheading.kt-adv-heading_eca8e4-3b mark, .wp-block-kadence-advancedheading.kt-adv-heading_eca8e4-3b[data-kb-block=\"kb-adv-heading_eca8e4-3b\"] mark{font-style:normal;color:#f76a0c;padding-top:0px;padding-right:0px;padding-bottom:0px;padding-left:0px;}<\/style>\n<p class=\"kt-adv-heading_eca8e4-3b wp-block-kadence-advancedheading\" data-kb-block=\"kb-adv-heading_eca8e4-3b\"><strong><span style=\"color: #ff6900;\" class=\"ugb-highlight\">ABOUT<\/span><\/strong><\/p>\n\n\n\n<p class=\" translation-block\">L\u2019amor conjugale tells the same story as Beethoven\u2019s Fidelio, but in a charmingly different adaptation of the original French text by the Italian librettist Gaetano Rossi. In Giovanni Simone Mayr\u2019s hand, the conjugal love is not just between the two principal characters Amorveno and Zeliska, but also between two theatrical and musical traditions, a love affair between two styles developed north and south of the alps. While the orchestration is clearly influenced by Mozart and Haydn, the vocal writing is often purely bel canto, and this blending of styles is one of the most attractive and unique attributes of the opera.<\/p>\n\n\n\n<p>Having established himself as a teacher in Bergamo, Mayr taught a young student named Gaetano Donizetti, after which the composer from Bavaria was hailed as the father of bel canto. Pascal Duc, who prepared a new, critical edition for Opera Fuoco, writes, \u201cwe are at the height of bel canto and Mayr crafts wonderful vocal ensembles - duos, trios, quartets and sextets, not to mention the unforgettable melodies which remain with us until we hear the next one! The proportions are perfect and in one act of ninety minutes, everything is said - with humor, gravitas and of course plenty of sentiment.\u201d&nbsp;<\/p>\n\n\n\n<p class=\" translation-block\">After its premiere at the Teatro Nuovo in Padua in1805, L\u2019amor conjugale had many celebrated successes throughout Europe for decades. Simone Mayr reveals himself as an important voice in the development of the bel canto style and deserves to be recognized today for his significant\ncontribution to the 19th century operatic repertoire. L\u2019amor conjugale is a musical gem not to be neglected.<\/p>\n\n\n<style>.wp-block-kadence-advancedheading.kt-adv-heading_f9e7ae-4d, .wp-block-kadence-advancedheading.kt-adv-heading_f9e7ae-4d[data-kb-block=\"kb-adv-heading_f9e7ae-4d\"]{font-style:normal;}.wp-block-kadence-advancedheading.kt-adv-heading_f9e7ae-4d mark, .wp-block-kadence-advancedheading.kt-adv-heading_f9e7ae-4d[data-kb-block=\"kb-adv-heading_f9e7ae-4d\"] mark{font-style:normal;color:#f76a0c;padding-top:0px;padding-right:0px;padding-bottom:0px;padding-left:0px;}<\/style>\n<p class=\"kt-adv-heading_f9e7ae-4d wp-block-kadence-advancedheading\" data-kb-block=\"kb-adv-heading_f9e7ae-4d\"><strong><span style=\"color: #ff6900;\" class=\"ugb-highlight\">CREATIVE TEAM<\/span><\/strong><\/p>\n\n\n\n<p class=\" translation-block\"><strong>David Stern<\/strong> \u2013\u00a0Musical direction<\/p>\n\n\n<style>.wp-block-kadence-advancedheading.kt-adv-heading_db9f53-9b, .wp-block-kadence-advancedheading.kt-adv-heading_db9f53-9b[data-kb-block=\"kb-adv-heading_db9f53-9b\"]{font-style:normal;}.wp-block-kadence-advancedheading.kt-adv-heading_db9f53-9b mark, .wp-block-kadence-advancedheading.kt-adv-heading_db9f53-9b[data-kb-block=\"kb-adv-heading_db9f53-9b\"] mark{font-style:normal;color:#f76a0c;padding-top:0px;padding-right:0px;padding-bottom:0px;padding-left:0px;}<\/style>\n<p class=\"kt-adv-heading_db9f53-9b wp-block-kadence-advancedheading translation-block\" data-kb-block=\"kb-adv-heading_db9f53-9b\"><span class=\"has-inline-color has-luminous-vivid-orange-color\"><strong>ART<\/strong><\/span><strong><span class=\"has-inline-color has-luminous-vivid-orange-color\">ISTS<\/span><\/strong><\/p>\n\n\n\n<p><strong>Chantal Santon Jeffery<\/strong> \u2013 Zeliska<\/p>\n\n\n\n<p><strong>L\u00e9o Vermot-Desroches <\/strong>&#8211; Amorveno<\/p>\n\n\n\n<p><strong>Natalie P\u00e9rez<\/strong> &#8211; Floreska<\/p>\n\n\n\n<p><strong>Olivier Gourdy<\/strong> &#8211; Peters<\/p>\n\n\n\n<p><strong>Halidou Nombre<\/strong> &#8211; Moroski<\/p>\n\n\n\n<p><strong>Bastien Rimondi<\/strong> &#8211; Ardelao<\/p>\n\n\n\n<p><strong>Opera Fuoco Orchestra<\/strong><\/p>\n<\/div><\/div>\n\n\n<style>.kadence-column_183ad4-9b > .kt-inside-inner-col{border-top-width:0px;border-right-width:0px;border-bottom-width:0px;border-left-width:0px;}.kadence-column_183ad4-9b > .kt-inside-inner-col,.kadence-column_183ad4-9b > .kt-inside-inner-col:before{border-top-left-radius:0px;border-top-right-radius:0px;border-bottom-right-radius:0px;border-bottom-left-radius:0px;}.kadence-column_183ad4-9b > .kt-inside-inner-col:before{opacity:0.3;}.kadence-column_183ad4-9b{position:relative;}<\/style>\n<div class=\"wp-block-kadence-column inner-column-2 kadence-column_183ad4-9b\"><div class=\"kt-inside-inner-col\"><style>.wp-block-kadence-advancedheading.kt-adv-heading_877873-d8, .wp-block-kadence-advancedheading.kt-adv-heading_877873-d8[data-kb-block=\"kb-adv-heading_877873-d8\"]{font-weight:bold;font-style:normal;}.wp-block-kadence-advancedheading.kt-adv-heading_877873-d8 mark, .wp-block-kadence-advancedheading.kt-adv-heading_877873-d8[data-kb-block=\"kb-adv-heading_877873-d8\"] mark{font-style:normal;color:#f76a0c;padding-top:0px;padding-right:0px;padding-bottom:0px;padding-left:0px;}<\/style>\n<h4 class=\"kt-adv-heading_877873-d8 wp-block-kadence-advancedheading\" data-kb-block=\"kb-adv-heading_877873-d8\">DATE<\/h4>\n\n\n<style>.wp-block-kadence-advancedheading.kt-adv-heading_8b8326-4a, .wp-block-kadence-advancedheading.kt-adv-heading_8b8326-4a[data-kb-block=\"kb-adv-heading_8b8326-4a\"]{font-style:normal;}.wp-block-kadence-advancedheading.kt-adv-heading_8b8326-4a mark, .wp-block-kadence-advancedheading.kt-adv-heading_8b8326-4a[data-kb-block=\"kb-adv-heading_8b8326-4a\"] mark{font-style:normal;color:#f76a0c;padding-top:0px;padding-right:0px;padding-bottom:0px;padding-left:0px;}<\/style>\n<h5 class=\"kt-adv-heading_8b8326-4a wp-block-kadence-advancedheading\" data-kb-block=\"kb-adv-heading_8b8326-4a\"><strong>Sunday, December 12, 2021<\/strong><\/h5>\n\n\n<style>.wp-block-kadence-advancedheading.kt-adv-heading_a11042-c1, .wp-block-kadence-advancedheading.kt-adv-heading_a11042-c1[data-kb-block=\"kb-adv-heading_a11042-c1\"]{font-style:normal;}.wp-block-kadence-advancedheading.kt-adv-heading_a11042-c1 mark, .wp-block-kadence-advancedheading.kt-adv-heading_a11042-c1[data-kb-block=\"kb-adv-heading_a11042-c1\"] mark{font-style:normal;color:#f76a0c;padding-top:0px;padding-right:0px;padding-bottom:0px;padding-left:0px;}<\/style>\n<h5 class=\"kt-adv-heading_a11042-c1 wp-block-kadence-advancedheading\" data-kb-block=\"kb-adv-heading_a11042-c1\"><strong>6:00PM<\/strong><\/h5>\n\n\n<style>.wp-block-kadence-advancedheading.kt-adv-heading_df18d8-02, .wp-block-kadence-advancedheading.kt-adv-heading_df18d8-02[data-kb-block=\"kb-adv-heading_df18d8-02\"]{font-style:normal;}.wp-block-kadence-advancedheading.kt-adv-heading_df18d8-02 mark, .wp-block-kadence-advancedheading.kt-adv-heading_df18d8-02[data-kb-block=\"kb-adv-heading_df18d8-02\"] mark{font-style:normal;color:#f76a0c;padding-top:0px;padding-right:0px;padding-bottom:0px;padding-left:0px;}<\/style>\n<h5 class=\"kt-adv-heading_df18d8-02 wp-block-kadence-advancedheading\" data-kb-block=\"kb-adv-heading_df18d8-02\"><em>Salle Ravel <\/em><br><em>33 rue Gabriel P\u00e9ri, 92300 Levallois-Perret<\/em><\/h5>\n\n\n\n<div class=\"wp-block-kioken-advancedbtn kt-btn-align-left kt-btns-wrap kt-btns_c199bf-06\"><div class=\"kt-btn-wrap kt-btn-wrap-0 btn-fullw\"><a class=\"kt-button kt-btn-0-action   kt-btn-svg-show-always kt-btn-has-text-true kt-btn-has-svg-false\" href=\"https:\/\/billetterie-ville-levallois.tickandlive.com\/reserver\/amor-conjugale\/10112\" target=\"_blank\" rel=\"noreferrer noopener\" style=\"font-size:16px;border-radius:3px;border-width:2px\"><span class=\"kt-btn-inner-text\">RESERVATION<\/span><\/a><\/div><\/div>\n<\/div><\/div>\n<\/div><\/div><\/div>","protected":false},"excerpt":{"rendered":"<p>TITRE L&rsquo;amor conjugale &#8211; Giovanni Simone Mayr \u00c0 PROPOS L\u2019amor conjugale&nbsp;raconte la m\u00eame histoire que&nbsp;Fidelio&nbsp;de Beethoven, mais dans une adaptation tr\u00e8s diff\u00e9rente du texte original&hellip;<\/p>","protected":false},"author":1,"featured_media":2690,"comment_status":"closed","ping_status":"closed","sticky":false,"template":"","format":"standard","meta":{"qubely_global_settings":"","qubely_interactions":"","_coblocks_attr":"","_coblocks_dimensions":"","_coblocks_responsive_height":"","_coblocks_accordion_ie_support":"","_uag_custom_page_level_css":"","kk_blocks_editor_width":"","_kiokenblocks_attr":"","_kiokenblocks_dimensions":"","_vp_format_video_url":"","_vp_image_focal_point":{"x":0.51,"y":0.52},"footnotes":""},"categories":[72],"tags":[137],"class_list":["post-3969","post","type-post","status-publish","format-standard","has-post-thumbnail","hentry","category-operas","tag-archive"],"featured_image_urls":{"full":["https:\/\/operafuoco.fr\/wp-content\/uploads\/2020\/09\/Visuel-Amor-Conjugale-VF-e1637678685542.jpg",300,277,false],"thumbnail":["https:\/\/operafuoco.fr\/wp-content\/uploads\/2020\/09\/Visuel-Amor-Conjugale-VF-e1637678685542-150x150.jpg",150,150,true],"medium":["https:\/\/operafuoco.fr\/wp-content\/uploads\/2020\/09\/Visuel-Amor-Conjugale-VF-241x300.jpg",241,300,true],"medium_large":["https:\/\/operafuoco.fr\/wp-content\/uploads\/2020\/09\/Visuel-Amor-Conjugale-VF-e1637678685542.jpg",300,277,false],"large":["https:\/\/operafuoco.fr\/wp-content\/uploads\/2020\/09\/Visuel-Amor-Conjugale-VF-e1637678685542.jpg",300,277,false],"thumblist":["https:\/\/operafuoco.fr\/wp-content\/uploads\/2020\/09\/Visuel-Amor-Conjugale-VF-300x300.jpg",300,300,true],"meccarouselthumb":["https:\/\/operafuoco.fr\/wp-content\/uploads\/2020\/09\/Visuel-Amor-Conjugale-VF-300x324.jpg",300,324,true],"gridsquare":["https:\/\/operafuoco.fr\/wp-content\/uploads\/2020\/09\/Visuel-Amor-Conjugale-VF-e1637678685542-300x260.jpg",300,260,true],"tileview":["https:\/\/operafuoco.fr\/wp-content\/uploads\/2020\/09\/Visuel-Amor-Conjugale-VF-e1637678685542.jpg",300,277,false],"1536x1536":["https:\/\/operafuoco.fr\/wp-content\/uploads\/2020\/09\/Visuel-Amor-Conjugale-VF-e1637678685542.jpg",300,277,false],"2048x2048":["https:\/\/operafuoco.fr\/wp-content\/uploads\/2020\/09\/Visuel-Amor-Conjugale-VF-e1637678685542.jpg",300,277,false],"trp-custom-language-flag":["https:\/\/operafuoco.fr\/wp-content\/uploads\/2020\/09\/Visuel-Amor-Conjugale-VF-e1637678685542-13x12.jpg",13,12,true],"qubely_landscape":["https:\/\/operafuoco.fr\/wp-content\/uploads\/2020\/09\/Visuel-Amor-Conjugale-VF-e1637678685542.jpg",300,277,false],"qubely_portrait":["https:\/\/operafuoco.fr\/wp-content\/uploads\/2020\/09\/Visuel-Amor-Conjugale-VF-e1637678685542.jpg",300,277,false],"qubely_thumbnail":["https:\/\/operafuoco.fr\/wp-content\/uploads\/2020\/09\/Visuel-Amor-Conjugale-VF-e1637678685542-140x100.jpg",140,100,true],"vp_sm":["https:\/\/operafuoco.fr\/wp-content\/uploads\/2020\/09\/Visuel-Amor-Conjugale-VF-e1637678685542.jpg",300,277,false],"vp_md":["https:\/\/operafuoco.fr\/wp-content\/uploads\/2020\/09\/Visuel-Amor-Conjugale-VF-e1637678685542.jpg",300,277,false],"vp_lg":["https:\/\/operafuoco.fr\/wp-content\/uploads\/2020\/09\/Visuel-Amor-Conjugale-VF-e1637678685542.jpg",300,277,false],"vp_xl":["https:\/\/operafuoco.fr\/wp-content\/uploads\/2020\/09\/Visuel-Amor-Conjugale-VF-e1637678685542.jpg",300,277,false],"vp_sm_popup":["https:\/\/operafuoco.fr\/wp-content\/uploads\/2020\/09\/Visuel-Amor-Conjugale-VF-e1637678685542.jpg",300,277,false],"vp_md_popup":["https:\/\/operafuoco.fr\/wp-content\/uploads\/2020\/09\/Visuel-Amor-Conjugale-VF-e1637678685542.jpg",300,277,false],"vp_xl_popup":["https:\/\/operafuoco.fr\/wp-content\/uploads\/2020\/09\/Visuel-Amor-Conjugale-VF-e1637678685542.jpg",300,277,false]},"post_excerpt_stackable":"<p>L&rsquo;amor conjugale &#8211; Giovanni Simone Mayr TITRE L&rsquo;amor conjugale &#8211; Giovanni Simone Mayr \u00c0 PROPOS L\u2019amor conjugale&nbsp;raconte la m\u00eame histoire que&nbsp;Fidelio&nbsp;de Beethoven, mais dans une adaptation tr\u00e8s diff\u00e9rente du texte original fran\u00e7ais de Bouilly par le librettiste italien Gaetano Rossi. Sous la plume de Giovanni Simone Mayr, l\u2019amour conjugal n\u2019existe pas seulement entre les deux personnages principaux Amorveno et Zeliska, mais aussi entre deux traditions th\u00e9\u00e2trales et musicales. Une union parfaite entre deux approches lyriques du nord et du sud des Alpes. Alors que l\u2019orchestration est clairement influenc\u00e9e par Mozart et Haydn, l\u2019\u00e9criture vocale est souvent purement bel canto, et&hellip;<\/p>\n","category_list":"<a href=\"https:\/\/operafuoco.fr\/en\/category\/operas\/\" rel=\"category tag\">Operas<\/a>","author_info":{"display_name":"admin","author_link":"https:\/\/operafuoco.fr\/en\/author\/admin\/"},"comments_num":"0 comments","aioseo_notices":[],"qubely_featured_image_url":{"full":["https:\/\/operafuoco.fr\/wp-content\/uploads\/2020\/09\/Visuel-Amor-Conjugale-VF-e1637678685542.jpg",300,277,false],"landscape":["https:\/\/operafuoco.fr\/wp-content\/uploads\/2020\/09\/Visuel-Amor-Conjugale-VF-e1637678685542.jpg",300,277,false],"portraits":["https:\/\/operafuoco.fr\/wp-content\/uploads\/2020\/09\/Visuel-Amor-Conjugale-VF-e1637678685542.jpg",300,277,false],"thumbnail":["https:\/\/operafuoco.fr\/wp-content\/uploads\/2020\/09\/Visuel-Amor-Conjugale-VF-e1637678685542-150x150.jpg",150,150,true],"medium":["https:\/\/operafuoco.fr\/wp-content\/uploads\/2020\/09\/Visuel-Amor-Conjugale-VF-241x300.jpg",241,300,true],"medium_large":["https:\/\/operafuoco.fr\/wp-content\/uploads\/2020\/09\/Visuel-Amor-Conjugale-VF-e1637678685542.jpg",300,277,false],"large":["https:\/\/operafuoco.fr\/wp-content\/uploads\/2020\/09\/Visuel-Amor-Conjugale-VF-e1637678685542.jpg",300,277,false],"thumblist":["https:\/\/operafuoco.fr\/wp-content\/uploads\/2020\/09\/Visuel-Amor-Conjugale-VF-300x300.jpg",300,300,true],"meccarouselthumb":["https:\/\/operafuoco.fr\/wp-content\/uploads\/2020\/09\/Visuel-Amor-Conjugale-VF-300x324.jpg",300,324,true],"gridsquare":["https:\/\/operafuoco.fr\/wp-content\/uploads\/2020\/09\/Visuel-Amor-Conjugale-VF-e1637678685542-300x260.jpg",300,260,true],"tileview":["https:\/\/operafuoco.fr\/wp-content\/uploads\/2020\/09\/Visuel-Amor-Conjugale-VF-e1637678685542.jpg",300,277,false],"1536x1536":["https:\/\/operafuoco.fr\/wp-content\/uploads\/2020\/09\/Visuel-Amor-Conjugale-VF-e1637678685542.jpg",300,277,false],"2048x2048":["https:\/\/operafuoco.fr\/wp-content\/uploads\/2020\/09\/Visuel-Amor-Conjugale-VF-e1637678685542.jpg",300,277,false],"trp-custom-language-flag":["https:\/\/operafuoco.fr\/wp-content\/uploads\/2020\/09\/Visuel-Amor-Conjugale-VF-e1637678685542-13x12.jpg",13,12,true],"qubely_landscape":["https:\/\/operafuoco.fr\/wp-content\/uploads\/2020\/09\/Visuel-Amor-Conjugale-VF-e1637678685542.jpg",300,277,false],"qubely_portrait":["https:\/\/operafuoco.fr\/wp-content\/uploads\/2020\/09\/Visuel-Amor-Conjugale-VF-e1637678685542.jpg",300,277,false],"qubely_thumbnail":["https:\/\/operafuoco.fr\/wp-content\/uploads\/2020\/09\/Visuel-Amor-Conjugale-VF-e1637678685542-140x100.jpg",140,100,true],"vp_sm":["https:\/\/operafuoco.fr\/wp-content\/uploads\/2020\/09\/Visuel-Amor-Conjugale-VF-e1637678685542.jpg",300,277,false],"vp_md":["https:\/\/operafuoco.fr\/wp-content\/uploads\/2020\/09\/Visuel-Amor-Conjugale-VF-e1637678685542.jpg",300,277,false],"vp_lg":["https:\/\/operafuoco.fr\/wp-content\/uploads\/2020\/09\/Visuel-Amor-Conjugale-VF-e1637678685542.jpg",300,277,false],"vp_xl":["https:\/\/operafuoco.fr\/wp-content\/uploads\/2020\/09\/Visuel-Amor-Conjugale-VF-e1637678685542.jpg",300,277,false],"vp_sm_popup":["https:\/\/operafuoco.fr\/wp-content\/uploads\/2020\/09\/Visuel-Amor-Conjugale-VF-e1637678685542.jpg",300,277,false],"vp_md_popup":["https:\/\/operafuoco.fr\/wp-content\/uploads\/2020\/09\/Visuel-Amor-Conjugale-VF-e1637678685542.jpg",300,277,false],"vp_xl_popup":["https:\/\/operafuoco.fr\/wp-content\/uploads\/2020\/09\/Visuel-Amor-Conjugale-VF-e1637678685542.jpg",300,277,false]},"qubely_author":{"display_name":"admin","author_link":"https:\/\/operafuoco.fr\/en\/author\/admin\/"},"qubely_comment":0,"qubely_category":"<a href=\"https:\/\/operafuoco.fr\/en\/category\/operas\/\" rel=\"category tag\">Operas<\/a>","qubely_excerpt":"TITRE L&rsquo;amor conjugale &#8211; Giovanni Simone Mayr \u00c0 PROPOS L\u2019amor conjugale&nbsp;raconte la m\u00eame histoire que&nbsp;Fidelio&nbsp;de Beethoven, mais dans une adaptation tr\u00e8s diff\u00e9rente du texte original&hellip;","featured_image_src":"https:\/\/operafuoco.fr\/wp-content\/uploads\/2020\/09\/Visuel-Amor-Conjugale-VF-e1637678685542.jpg","featured_image_src_square":"https:\/\/operafuoco.fr\/wp-content\/uploads\/2020\/09\/Visuel-Amor-Conjugale-VF-e1637678685542.jpg","rbea_author_info":{"display_name":"admin","author_link":"https:\/\/operafuoco.fr\/en\/author\/admin\/"},"rbea_excerpt_info":"TITRE L&rsquo;amor conjugale &#8211; Giovanni Simone Mayr \u00c0 PROPOS L\u2019amor conjugale&nbsp;raconte la m\u00eame histoire que&nbsp;Fidelio&nbsp;de Beethoven, mais dans une adaptation tr\u00e8s diff\u00e9rente du texte original&hellip;","uagb_featured_image_src":{"full":["https:\/\/operafuoco.fr\/wp-content\/uploads\/2020\/09\/Visuel-Amor-Conjugale-VF-e1637678685542.jpg",300,277,false],"thumbnail":["https:\/\/operafuoco.fr\/wp-content\/uploads\/2020\/09\/Visuel-Amor-Conjugale-VF-e1637678685542-150x150.jpg",150,150,true],"medium":["https:\/\/operafuoco.fr\/wp-content\/uploads\/2020\/09\/Visuel-Amor-Conjugale-VF-241x300.jpg",241,300,true],"medium_large":["https:\/\/operafuoco.fr\/wp-content\/uploads\/2020\/09\/Visuel-Amor-Conjugale-VF-e1637678685542.jpg",300,277,false],"large":["https:\/\/operafuoco.fr\/wp-content\/uploads\/2020\/09\/Visuel-Amor-Conjugale-VF-e1637678685542.jpg",300,277,false],"thumblist":["https:\/\/operafuoco.fr\/wp-content\/uploads\/2020\/09\/Visuel-Amor-Conjugale-VF-300x300.jpg",300,300,true],"meccarouselthumb":["https:\/\/operafuoco.fr\/wp-content\/uploads\/2020\/09\/Visuel-Amor-Conjugale-VF-300x324.jpg",300,324,true],"gridsquare":["https:\/\/operafuoco.fr\/wp-content\/uploads\/2020\/09\/Visuel-Amor-Conjugale-VF-e1637678685542-300x260.jpg",300,260,true],"tileview":["https:\/\/operafuoco.fr\/wp-content\/uploads\/2020\/09\/Visuel-Amor-Conjugale-VF-e1637678685542.jpg",300,277,false],"1536x1536":["https:\/\/operafuoco.fr\/wp-content\/uploads\/2020\/09\/Visuel-Amor-Conjugale-VF-e1637678685542.jpg",300,277,false],"2048x2048":["https:\/\/operafuoco.fr\/wp-content\/uploads\/2020\/09\/Visuel-Amor-Conjugale-VF-e1637678685542.jpg",300,277,false],"trp-custom-language-flag":["https:\/\/operafuoco.fr\/wp-content\/uploads\/2020\/09\/Visuel-Amor-Conjugale-VF-e1637678685542-13x12.jpg",13,12,true],"qubely_landscape":["https:\/\/operafuoco.fr\/wp-content\/uploads\/2020\/09\/Visuel-Amor-Conjugale-VF-e1637678685542.jpg",300,277,false],"qubely_portrait":["https:\/\/operafuoco.fr\/wp-content\/uploads\/2020\/09\/Visuel-Amor-Conjugale-VF-e1637678685542.jpg",300,277,false],"qubely_thumbnail":["https:\/\/operafuoco.fr\/wp-content\/uploads\/2020\/09\/Visuel-Amor-Conjugale-VF-e1637678685542-140x100.jpg",140,100,true],"vp_sm":["https:\/\/operafuoco.fr\/wp-content\/uploads\/2020\/09\/Visuel-Amor-Conjugale-VF-e1637678685542.jpg",300,277,false],"vp_md":["https:\/\/operafuoco.fr\/wp-content\/uploads\/2020\/09\/Visuel-Amor-Conjugale-VF-e1637678685542.jpg",300,277,false],"vp_lg":["https:\/\/operafuoco.fr\/wp-content\/uploads\/2020\/09\/Visuel-Amor-Conjugale-VF-e1637678685542.jpg",300,277,false],"vp_xl":["https:\/\/operafuoco.fr\/wp-content\/uploads\/2020\/09\/Visuel-Amor-Conjugale-VF-e1637678685542.jpg",300,277,false],"vp_sm_popup":["https:\/\/operafuoco.fr\/wp-content\/uploads\/2020\/09\/Visuel-Amor-Conjugale-VF-e1637678685542.jpg",300,277,false],"vp_md_popup":["https:\/\/operafuoco.fr\/wp-content\/uploads\/2020\/09\/Visuel-Amor-Conjugale-VF-e1637678685542.jpg",300,277,false],"vp_xl_popup":["https:\/\/operafuoco.fr\/wp-content\/uploads\/2020\/09\/Visuel-Amor-Conjugale-VF-e1637678685542.jpg",300,277,false]},"uagb_author_info":{"display_name":"admin","author_link":"https:\/\/operafuoco.fr\/en\/author\/admin\/"},"uagb_comment_info":0,"uagb_excerpt":"TITRE L&rsquo;amor conjugale &#8211; Giovanni Simone Mayr \u00c0 PROPOS L\u2019amor conjugale&nbsp;raconte la m\u00eame histoire que&nbsp;Fidelio&nbsp;de Beethoven, mais dans une adaptation tr\u00e8s diff\u00e9rente du texte original&hellip;","_links":{"self":[{"href":"https:\/\/operafuoco.fr\/en\/wp-json\/wp\/v2\/posts\/3969"}],"collection":[{"href":"https:\/\/operafuoco.fr\/en\/wp-json\/wp\/v2\/posts"}],"about":[{"href":"https:\/\/operafuoco.fr\/en\/wp-json\/wp\/v2\/types\/post"}],"author":[{"embeddable":true,"href":"https:\/\/operafuoco.fr\/en\/wp-json\/wp\/v2\/users\/1"}],"replies":[{"embeddable":true,"href":"https:\/\/operafuoco.fr\/en\/wp-json\/wp\/v2\/comments?post=3969"}],"version-history":[{"count":9,"href":"https:\/\/operafuoco.fr\/en\/wp-json\/wp\/v2\/posts\/3969\/revisions"}],"predecessor-version":[{"id":4388,"href":"https:\/\/operafuoco.fr\/en\/wp-json\/wp\/v2\/posts\/3969\/revisions\/4388"}],"wp:featuredmedia":[{"embeddable":true,"href":"https:\/\/operafuoco.fr\/en\/wp-json\/wp\/v2\/media\/2690"}],"wp:attachment":[{"href":"https:\/\/operafuoco.fr\/en\/wp-json\/wp\/v2\/media?parent=3969"}],"wp:term":[{"taxonomy":"category","embeddable":true,"href":"https:\/\/operafuoco.fr\/en\/wp-json\/wp\/v2\/categories?post=3969"},{"taxonomy":"post_tag","embeddable":true,"href":"https:\/\/operafuoco.fr\/en\/wp-json\/wp\/v2\/tags?post=3969"}],"curies":[{"name":"wp","href":"https:\/\/api.w.org\/{rel}","templated":true}]}}