{"id":4262,"date":"2022-06-14T13:42:50","date_gmt":"2022-06-14T13:42:50","guid":{"rendered":"https:\/\/operafuoco.fr\/?p=4262"},"modified":"2023-07-25T10:40:19","modified_gmt":"2023-07-25T10:40:19","slug":"la-boheme-giacomo-puccini","status":"publish","type":"post","link":"https:\/\/operafuoco.fr\/en\/la-boheme-giacomo-puccini\/","title":{"rendered":"La Boh\u00e8me &#8211; Giacomo Puccini"},"content":{"rendered":"<div class=\"wp-block-cover alignwide\" style=\"min-height:600px;aspect-ratio:unset;\"><img loading=\"lazy\" decoding=\"async\" width=\"1548\" height=\"1600\" class=\"wp-block-cover__image-background wp-image-4263\" alt=\"\" src=\"https:\/\/operafuoco.fr\/wp-content\/uploads\/2022\/06\/57BZHBco-scaled.jpeg\" data-object-fit=\"cover\" srcset=\"https:\/\/operafuoco.fr\/wp-content\/uploads\/2022\/06\/57BZHBco-scaled.jpeg 1548w, https:\/\/operafuoco.fr\/wp-content\/uploads\/2022\/06\/57BZHBco-290x300.jpeg 290w, https:\/\/operafuoco.fr\/wp-content\/uploads\/2022\/06\/57BZHBco-991x1024.jpeg 991w, https:\/\/operafuoco.fr\/wp-content\/uploads\/2022\/06\/57BZHBco-768x794.jpeg 768w, https:\/\/operafuoco.fr\/wp-content\/uploads\/2022\/06\/57BZHBco-1486x1536.jpeg 1486w, https:\/\/operafuoco.fr\/wp-content\/uploads\/2022\/06\/57BZHBco-1982x2048.jpeg 1982w, https:\/\/operafuoco.fr\/wp-content\/uploads\/2022\/06\/57BZHBco-12x12.jpeg 12w, https:\/\/operafuoco.fr\/wp-content\/uploads\/2022\/06\/57BZHBco-500x517.jpeg 500w, https:\/\/operafuoco.fr\/wp-content\/uploads\/2022\/06\/57BZHBco-800x827.jpeg 800w, https:\/\/operafuoco.fr\/wp-content\/uploads\/2022\/06\/57BZHBco-1280x1323.jpeg 1280w, https:\/\/operafuoco.fr\/wp-content\/uploads\/2022\/06\/57BZHBco-1920x1984.jpeg 1920w\" sizes=\"(max-width: 1548px) 100vw, 1548px\" \/><div class=\"wp-block-cover__inner-container is-layout-flow wp-block-cover-is-layout-flow\">\n<p class=\"has-text-align-center has-large-font-size\"><span style=\"color: #000000;\" class=\"stk-highlight\">La Boh\u00e8me &#8211; Giacomo Puccini<\/span><\/p>\n<\/div><\/div>\n\n\n<style>#kt-layout-id_fa547f-aa > .kt-row-column-wrap{align-content:start;}:where(#kt-layout-id_fa547f-aa > .kt-row-column-wrap) > .wp-block-kadence-column{justify-content:start;}#kt-layout-id_fa547f-aa > .kt-row-column-wrap{column-gap:80px;row-gap:var(--global-kb-gap-md, 2rem);padding-top:var( --global-kb-row-default-top, 25px );padding-bottom:var( --global-kb-row-default-bottom, 25px );padding-top:var(--global-kb-spacing-sm, 1.5rem);padding-bottom:var(--global-kb-spacing-sm, 1.5rem);grid-template-columns:minmax(0, 81%) minmax(0, 19%);}#kt-layout-id_fa547f-aa > .kt-row-layout-overlay{opacity:0.30;}@media all and (max-width: 1024px){#kt-layout-id_fa547f-aa > .kt-row-column-wrap{grid-template-columns:repeat(2, minmax(0, 1fr));}}@media all and (max-width: 767px){#kt-layout-id_fa547f-aa > .kt-row-column-wrap{grid-template-columns:minmax(0, 1fr);}}<\/style>\n<div class=\"wp-block-kadence-rowlayout alignnone\"><div id=\"kt-layout-id_fa547f-aa\" class=\"kt-row-layout-inner kt-layout-id_fa547f-aa\"><div class=\"kt-row-column-wrap kt-has-2-columns kt-gutter-widest kt-v-gutter-default kt-row-valign-top kt-row-layout-equal kt-tab-layout-inherit kt-m-colapse-left-to-right kt-mobile-layout-row  kt-custom-first-width-81  kt-custom-second-width-19\"><style>.kadence-column_7a3db8-d5 > .kt-inside-inner-col{border-top-width:0px;border-right-width:0px;border-bottom-width:0px;border-left-width:0px;}.kadence-column_7a3db8-d5 > .kt-inside-inner-col,.kadence-column_7a3db8-d5 > .kt-inside-inner-col:before{border-top-left-radius:0px;border-top-right-radius:0px;border-bottom-right-radius:0px;border-bottom-left-radius:0px;}.kadence-column_7a3db8-d5 > .kt-inside-inner-col:before{opacity:0.3;}.kadence-column_7a3db8-d5{position:relative;}<\/style>\n<div class=\"wp-block-kadence-column inner-column-1 kadence-column_7a3db8-d5\"><div class=\"kt-inside-inner-col\"><style>.wp-block-kadence-advancedheading.kt-adv-heading_2d0efc-9a, .wp-block-kadence-advancedheading.kt-adv-heading_2d0efc-9a[data-kb-block=\"kb-adv-heading_2d0efc-9a\"]{text-align:left;font-style:normal;}.wp-block-kadence-advancedheading.kt-adv-heading_2d0efc-9a mark, .wp-block-kadence-advancedheading.kt-adv-heading_2d0efc-9a[data-kb-block=\"kb-adv-heading_2d0efc-9a\"] mark{font-style:normal;color:#f76a0c;padding-top:0px;padding-right:0px;padding-bottom:0px;padding-left:0px;}<\/style>\n<p class=\"kt-adv-heading_2d0efc-9a wp-block-kadence-advancedheading\" data-kb-block=\"kb-adv-heading_2d0efc-9a\"><strong><span style=\"color: #ff6900;\" class=\"ugb-highlight\">TITLE<\/span><\/strong><\/p>\n\n\n<style>.wp-block-kadence-advancedheading.kt-adv-heading_aa1c86-88, .wp-block-kadence-advancedheading.kt-adv-heading_aa1c86-88[data-kb-block=\"kb-adv-heading_aa1c86-88\"]{font-style:normal;}.wp-block-kadence-advancedheading.kt-adv-heading_aa1c86-88 mark, .wp-block-kadence-advancedheading.kt-adv-heading_aa1c86-88[data-kb-block=\"kb-adv-heading_aa1c86-88\"] mark{font-style:normal;color:#f76a0c;padding-top:0px;padding-right:0px;padding-bottom:0px;padding-left:0px;}<\/style>\n<h2 class=\"kt-adv-heading_aa1c86-88 wp-block-kadence-advancedheading\" data-kb-block=\"kb-adv-heading_aa1c86-88\">La Boh\u00e8me &#8211; Giacomo Puccini<\/h2>\n\n\n<style>.wp-block-kadence-advancedheading.kt-adv-heading_8663da-cd, .wp-block-kadence-advancedheading.kt-adv-heading_8663da-cd[data-kb-block=\"kb-adv-heading_8663da-cd\"]{font-style:normal;}.wp-block-kadence-advancedheading.kt-adv-heading_8663da-cd mark, .wp-block-kadence-advancedheading.kt-adv-heading_8663da-cd[data-kb-block=\"kb-adv-heading_8663da-cd\"] mark{font-style:normal;color:#f76a0c;padding-top:0px;padding-right:0px;padding-bottom:0px;padding-left:0px;}<\/style>\n<p class=\"kt-adv-heading_8663da-cd wp-block-kadence-advancedheading\" data-kb-block=\"kb-adv-heading_8663da-cd\"><strong><span style=\"color: #ff6900;\" class=\"ugb-highlight\">ABOUT<\/span><\/strong><\/p>\n\n\n\n<p class=\" translation-block\">Puccini\u2019s chef d\u2019oeuvre, La Boh\u00e8me, is among the most often performed operas throughout the world since its creation in 1896. It is, as one should not forget, a story of youth: starving artists living a fantasy in the garrets of wintry Paris, defying fate for art and love. It is rare to hear it sung by truly young singers, because the composer\u2019s lavish orchestration requires mature singers for each role. Opera Fuoco\u2019s atelier lyrique offers a version with a reduced accompaniment that allows our young singers to throw themselves into the music and bring to the public an interpretation\u202fthat celebrates the uninhibited youthful passion that the story encapsulates. It will be chance for these developing artists to express what Puccini intended: that blind love can intoxicate us despite tragic consequences.<\/p>\n\n\n<style>.wp-block-kadence-advancedheading.kt-adv-heading_401219-fc, .wp-block-kadence-advancedheading.kt-adv-heading_401219-fc[data-kb-block=\"kb-adv-heading_401219-fc\"]{font-style:normal;}.wp-block-kadence-advancedheading.kt-adv-heading_401219-fc mark, .wp-block-kadence-advancedheading.kt-adv-heading_401219-fc[data-kb-block=\"kb-adv-heading_401219-fc\"] mark{font-style:normal;color:#f76a0c;padding-top:0px;padding-right:0px;padding-bottom:0px;padding-left:0px;}<\/style>\n<p class=\"kt-adv-heading_401219-fc wp-block-kadence-advancedheading\" data-kb-block=\"kb-adv-heading_401219-fc\"><strong><span style=\"color: #ff6900;\" class=\"ugb-highlight\">CREATIVE TEAM<\/span><\/strong><\/p>\n\n\n\n<p class=\" translation-block\"><strong>David Stern<\/strong> \u2013\u00a0Musical direction<\/p>\n\n\n\n<p><strong>Elsa Rooke<\/strong> - Stage Direction<\/p>\n\n\n\n<p><strong>Talia Stern<\/strong> Artistic collaboration<\/p>\n\n\n\n<p><strong>Fran\u00e7ois Rostain<\/strong> &#8211; Chor\u00e9graphe de combat<\/p>\n\n\n<style>.wp-block-kadence-advancedheading.kt-adv-heading_49109c-0c, .wp-block-kadence-advancedheading.kt-adv-heading_49109c-0c[data-kb-block=\"kb-adv-heading_49109c-0c\"]{font-style:normal;}.wp-block-kadence-advancedheading.kt-adv-heading_49109c-0c mark, .wp-block-kadence-advancedheading.kt-adv-heading_49109c-0c[data-kb-block=\"kb-adv-heading_49109c-0c\"] mark{font-style:normal;color:#f76a0c;padding-top:0px;padding-right:0px;padding-bottom:0px;padding-left:0px;}<\/style>\n<p class=\"kt-adv-heading_49109c-0c wp-block-kadence-advancedheading translation-block\" data-kb-block=\"kb-adv-heading_49109c-0c\"><span class=\"has-inline-color has-luminous-vivid-orange-color\"><strong>ART<\/strong><\/span><strong><span class=\"has-inline-color has-luminous-vivid-orange-color\">ISTS<\/span><\/strong><\/p>\n\n\n\n<p><strong>Julie Goussot<\/strong> \u2013 Mimi<\/p>\n\n\n\n<p><strong>Anna Cavaliero<\/strong> &#8211; Musetta<\/p>\n\n\n\n<p><strong>L\u00e9o Vermot-Desroches<\/strong> &#8211; Rodolfo<\/p>\n\n\n\n<p><strong>Matthieu Walendzik<\/strong> &#8211; Marcello<\/p>\n\n\n\n<p><strong>Aymeric Biesemans<\/strong> &#8211; Schaunard<\/p>\n\n\n\n<p><strong>Halidou Nombre<\/strong> &#8211; Colline<\/p>\n\n\n\n<p><strong>Gautier Joubert<\/strong> &#8211; Beno\u00eet\/Alcindoro<\/p>\n\n\n\n<p><\/p>\n\n\n\n<p><strong>Karolos Zouganelis<\/strong> &#8211; Piano<\/p>\n\n\n\n<div class=\"wp-block-stackable-spacer stk-block-spacer stk--no-padding stk-block stk-c71819c\" data-block-id=\"c71819c\"><style>.stk-c71819c{height:20px !important}<\/style><\/div>\n\n\n\n<p><strong>ENSEMBLE ATA\u00cfR<\/strong><\/p>\n\n\n\n<p><strong>Aude Marchand<\/strong> - Violin<\/p>\n\n\n\n<p><strong>Juliette Leroux<\/strong> - Violin <\/p>\n\n\n\n<p><strong>Cl\u00e9ment Sozanski<\/strong>  - Viola<\/p>\n\n\n\n<p><strong>Camille Sup\u00e9ra <\/strong>- Cello<\/p>\n\n\n\n<p><strong>Johanna Sans<\/strong> - Bass<\/p>\n\n\n\n<p><strong>Liselotte Schricke<\/strong> - Flute<\/p>\n\n\n\n<p><strong>R\u00e9mi Grouiller<\/strong> - Oboe<\/p>\n\n\n\n<p><strong>Bertrand Laude<\/strong> - Clarinet<\/p>\n\n\n\n<p><strong>Thomas Quinquenel<\/strong> - Bassoon<\/p>\n\n\n\n<p><strong>Colin Peign\u00e9<\/strong> - Horn<\/p>\n<\/div><\/div>\n\n\n<style>.kadence-column_e74e40-eb > .kt-inside-inner-col{border-top-width:0px;border-right-width:0px;border-bottom-width:0px;border-left-width:0px;}.kadence-column_e74e40-eb > .kt-inside-inner-col,.kadence-column_e74e40-eb > .kt-inside-inner-col:before{border-top-left-radius:0px;border-top-right-radius:0px;border-bottom-right-radius:0px;border-bottom-left-radius:0px;}.kadence-column_e74e40-eb > .kt-inside-inner-col:before{opacity:0.3;}.kadence-column_e74e40-eb{position:relative;}<\/style>\n<div class=\"wp-block-kadence-column inner-column-2 kadence-column_e74e40-eb\"><div class=\"kt-inside-inner-col\">\n<p><\/p>\n\n\n<style>.wp-block-kadence-advancedheading.kt-adv-heading_0c0a1d-02, .wp-block-kadence-advancedheading.kt-adv-heading_0c0a1d-02[data-kb-block=\"kb-adv-heading_0c0a1d-02\"]{font-weight:bold;font-style:normal;}.wp-block-kadence-advancedheading.kt-adv-heading_0c0a1d-02 mark, .wp-block-kadence-advancedheading.kt-adv-heading_0c0a1d-02[data-kb-block=\"kb-adv-heading_0c0a1d-02\"] mark{font-style:normal;color:#f76a0c;padding-top:0px;padding-right:0px;padding-bottom:0px;padding-left:0px;}<\/style>\n<h4 class=\"kt-adv-heading_0c0a1d-02 wp-block-kadence-advancedheading\" data-kb-block=\"kb-adv-heading_0c0a1d-02\">DATES<\/h4>\n\n\n\n<div class=\"wp-block-stackable-heading stk-block-heading stk-block stk-fdc56a4\" data-block-id=\"fdc56a4\"><h5 class=\"stk-block-heading__text\"><\/h5><\/div>\n\n\n<style>.wp-block-kadence-advancedheading.kt-adv-heading_1eabdd-3b, .wp-block-kadence-advancedheading.kt-adv-heading_1eabdd-3b[data-kb-block=\"kb-adv-heading_1eabdd-3b\"]{font-style:normal;}.wp-block-kadence-advancedheading.kt-adv-heading_1eabdd-3b mark, .wp-block-kadence-advancedheading.kt-adv-heading_1eabdd-3b[data-kb-block=\"kb-adv-heading_1eabdd-3b\"] mark{font-style:normal;color:#f76a0c;padding-top:0px;padding-right:0px;padding-bottom:0px;padding-left:0px;}<\/style>\n<h5 class=\"kt-adv-heading_1eabdd-3b wp-block-kadence-advancedheading\" data-kb-block=\"kb-adv-heading_1eabdd-3b\"><strong>Samedi 13 ao\u00fbt 2022 2022  &#8211;  20h30          <\/strong><\/h5>\n\n\n<style>.wp-block-kadence-advancedheading.kt-adv-heading_ea0fd6-d1, .wp-block-kadence-advancedheading.kt-adv-heading_ea0fd6-d1[data-kb-block=\"kb-adv-heading_ea0fd6-d1\"]{font-style:normal;}.wp-block-kadence-advancedheading.kt-adv-heading_ea0fd6-d1 mark, .wp-block-kadence-advancedheading.kt-adv-heading_ea0fd6-d1[data-kb-block=\"kb-adv-heading_ea0fd6-d1\"] mark{font-style:normal;color:#f76a0c;padding-top:0px;padding-right:0px;padding-bottom:0px;padding-left:0px;}<\/style>\n<h5 class=\"kt-adv-heading_ea0fd6-d1 wp-block-kadence-advancedheading\" data-kb-block=\"kb-adv-heading_ea0fd6-d1\"><strong>Dimanche 14 ao\u00fbt<\/strong> <strong>2022<\/strong> <strong>&#8211; 20h30<\/strong><\/h5>\n\n\n<style>.wp-block-kadence-advancedheading.kt-adv-heading_4bd198-ac, .wp-block-kadence-advancedheading.kt-adv-heading_4bd198-ac[data-kb-block=\"kb-adv-heading_4bd198-ac\"]{font-style:normal;}.wp-block-kadence-advancedheading.kt-adv-heading_4bd198-ac mark, .wp-block-kadence-advancedheading.kt-adv-heading_4bd198-ac[data-kb-block=\"kb-adv-heading_4bd198-ac\"] mark{font-style:normal;color:#f76a0c;padding-top:0px;padding-right:0px;padding-bottom:0px;padding-left:0px;}<\/style>\n<h5 class=\"kt-adv-heading_4bd198-ac wp-block-kadence-advancedheading\" data-kb-block=\"kb-adv-heading_4bd198-ac\"><\/h5>\n\n\n<style>.wp-block-kadence-advancedheading.kt-adv-heading_ce05d2-1c, .wp-block-kadence-advancedheading.kt-adv-heading_ce05d2-1c[data-kb-block=\"kb-adv-heading_ce05d2-1c\"]{font-style:normal;}.wp-block-kadence-advancedheading.kt-adv-heading_ce05d2-1c mark, .wp-block-kadence-advancedheading.kt-adv-heading_ce05d2-1c[data-kb-block=\"kb-adv-heading_ce05d2-1c\"] mark{font-style:normal;color:#f76a0c;padding-top:0px;padding-right:0px;padding-bottom:0px;padding-left:0px;}<\/style>\n<h5 class=\"kt-adv-heading_ce05d2-1c wp-block-kadence-advancedheading\" data-kb-block=\"kb-adv-heading_ce05d2-1c\"><strong>Festival La Grange aux<em> Pianos         <\/em><\/strong><em>                                 Les Chattons,                    36400 Chassignolles<\/em><\/h5>\n\n\n\n<div class=\"wp-block-kioken-advancedbtn kt-btn-align-left kt-btns-wrap kt-btns_498579-71\"><div class=\"kt-btn-wrap kt-btn-wrap-0 btn-fullw\"><a class=\"kt-button kt-btn-0-action   kt-btn-svg-show-always kt-btn-has-text-true kt-btn-has-svg-false\" href=\"https:\/\/la-grange-aux-pianos.festik.net\/la-boheme-puccini\/1\" target=\"_blank\" rel=\"noreferrer noopener\" style=\"font-size:16px;border-radius:3px;border-width:2px\"><span class=\"kt-btn-inner-text\">RESERVATION<\/span><\/a><\/div><\/div>\n<\/div><\/div>\n<\/div><\/div><\/div>\n\n\n\n<p><\/p>","protected":false},"excerpt":{"rendered":"<p>TITRE La Boh\u00e8me &#8211; Giacomo Puccini \u00c0 PROPOS La Boh\u00e8me, le chef d&rsquo;\u0153uvre de Puccini, est l\u2019un des op\u00e9ras les plus jou\u00e9s au monde depuis&hellip;<\/p>","protected":false},"author":1,"featured_media":4308,"comment_status":"closed","ping_status":"closed","sticky":false,"template":"","format":"standard","meta":{"qubely_global_settings":"","qubely_interactions":"","_coblocks_attr":"","_coblocks_dimensions":"","_coblocks_responsive_height":"","_coblocks_accordion_ie_support":"","_uag_custom_page_level_css":"","kk_blocks_editor_width":"","_kiokenblocks_attr":"","_kiokenblocks_dimensions":"","_vp_format_video_url":"","_vp_image_focal_point":[],"footnotes":""},"categories":[72],"tags":[137],"class_list":["post-4262","post","type-post","status-publish","format-standard","has-post-thumbnail","hentry","category-operas","tag-archive"],"featured_image_urls":{"full":["https:\/\/operafuoco.fr\/wp-content\/uploads\/2022\/06\/La-Boheme.jpg",540,540,false],"thumbnail":["https:\/\/operafuoco.fr\/wp-content\/uploads\/2022\/06\/La-Boheme-150x150.jpg",150,150,true],"medium":["https:\/\/operafuoco.fr\/wp-content\/uploads\/2022\/06\/La-Boheme-300x300.jpg",300,300,true],"medium_large":["https:\/\/operafuoco.fr\/wp-content\/uploads\/2022\/06\/La-Boheme.jpg",540,540,false],"large":["https:\/\/operafuoco.fr\/wp-content\/uploads\/2022\/06\/La-Boheme.jpg",540,540,false],"thumblist":["https:\/\/operafuoco.fr\/wp-content\/uploads\/2022\/06\/La-Boheme-300x300.jpg",300,300,true],"meccarouselthumb":["https:\/\/operafuoco.fr\/wp-content\/uploads\/2022\/06\/La-Boheme-474x324.jpg",474,324,true],"gridsquare":["https:\/\/operafuoco.fr\/wp-content\/uploads\/2022\/06\/La-Boheme-391x260.jpg",391,260,true],"tileview":["https:\/\/operafuoco.fr\/wp-content\/uploads\/2022\/06\/La-Boheme-300x400.jpg",300,400,true],"1536x1536":["https:\/\/operafuoco.fr\/wp-content\/uploads\/2022\/06\/La-Boheme.jpg",540,540,false],"2048x2048":["https:\/\/operafuoco.fr\/wp-content\/uploads\/2022\/06\/La-Boheme.jpg",540,540,false],"trp-custom-language-flag":["https:\/\/operafuoco.fr\/wp-content\/uploads\/2022\/06\/La-Boheme-12x12.jpg",12,12,true],"qubely_landscape":["https:\/\/operafuoco.fr\/wp-content\/uploads\/2022\/06\/La-Boheme.jpg",540,540,false],"qubely_portrait":["https:\/\/operafuoco.fr\/wp-content\/uploads\/2022\/06\/La-Boheme-540x320.jpg",540,320,true],"qubely_thumbnail":["https:\/\/operafuoco.fr\/wp-content\/uploads\/2022\/06\/La-Boheme-140x100.jpg",140,100,true],"vp_sm":["https:\/\/operafuoco.fr\/wp-content\/uploads\/2022\/06\/La-Boheme-500x500.jpg",500,500,true],"vp_md":["https:\/\/operafuoco.fr\/wp-content\/uploads\/2022\/06\/La-Boheme.jpg",540,540,false],"vp_lg":["https:\/\/operafuoco.fr\/wp-content\/uploads\/2022\/06\/La-Boheme.jpg",540,540,false],"vp_xl":["https:\/\/operafuoco.fr\/wp-content\/uploads\/2022\/06\/La-Boheme.jpg",540,540,false],"vp_sm_popup":["https:\/\/operafuoco.fr\/wp-content\/uploads\/2022\/06\/La-Boheme-500x500.jpg",500,500,true],"vp_md_popup":["https:\/\/operafuoco.fr\/wp-content\/uploads\/2022\/06\/La-Boheme.jpg",540,540,false],"vp_xl_popup":["https:\/\/operafuoco.fr\/wp-content\/uploads\/2022\/06\/La-Boheme.jpg",540,540,false]},"post_excerpt_stackable":"<p>La Boh\u00e8me &#8211; Giacomo Puccini TITRE La Boh\u00e8me &#8211; Giacomo Puccini \u00c0 PROPOS La Boh\u00e8me, le chef d&rsquo;\u0153uvre de Puccini, est l\u2019un des op\u00e9ras les plus jou\u00e9s au monde depuis sa cr\u00e9ation en 1896. C\u2019est surtout, on ne doit pas l\u2019oublier, l\u2019histoire d\u2019une jeunesse \u202f: celle d\u2019artistes affam\u00e9s vivant un r\u00eave dans les mansardes d\u2019un Paris hivernal, d\u00e9fiant le destin au nom de l\u2019art et de l\u2019amour. Il est rare de l\u2019entendre interpr\u00e9t\u00e9e par de jeunes chanteurs puisque l\u2019orchestration somptueuse du compositeur exige, pour chacun des r\u00f4les, une grande maturit\u00e9. Opera Fuoco propose ici une version dont l\u2019accompagnement r\u00e9duit invite&hellip;<\/p>\n","category_list":"<a href=\"https:\/\/operafuoco.fr\/en\/category\/operas\/\" rel=\"category tag\">Operas<\/a>","author_info":{"display_name":"admin","author_link":"https:\/\/operafuoco.fr\/en\/author\/admin\/"},"comments_num":"0 comments","aioseo_notices":[],"qubely_featured_image_url":{"full":["https:\/\/operafuoco.fr\/wp-content\/uploads\/2022\/06\/La-Boheme.jpg",540,540,false],"landscape":["https:\/\/operafuoco.fr\/wp-content\/uploads\/2022\/06\/La-Boheme.jpg",540,540,false],"portraits":["https:\/\/operafuoco.fr\/wp-content\/uploads\/2022\/06\/La-Boheme-540x320.jpg",540,320,true],"thumbnail":["https:\/\/operafuoco.fr\/wp-content\/uploads\/2022\/06\/La-Boheme-150x150.jpg",150,150,true],"medium":["https:\/\/operafuoco.fr\/wp-content\/uploads\/2022\/06\/La-Boheme-300x300.jpg",300,300,true],"medium_large":["https:\/\/operafuoco.fr\/wp-content\/uploads\/2022\/06\/La-Boheme.jpg",540,540,false],"large":["https:\/\/operafuoco.fr\/wp-content\/uploads\/2022\/06\/La-Boheme.jpg",540,540,false],"thumblist":["https:\/\/operafuoco.fr\/wp-content\/uploads\/2022\/06\/La-Boheme-300x300.jpg",300,300,true],"meccarouselthumb":["https:\/\/operafuoco.fr\/wp-content\/uploads\/2022\/06\/La-Boheme-474x324.jpg",474,324,true],"gridsquare":["https:\/\/operafuoco.fr\/wp-content\/uploads\/2022\/06\/La-Boheme-391x260.jpg",391,260,true],"tileview":["https:\/\/operafuoco.fr\/wp-content\/uploads\/2022\/06\/La-Boheme-300x400.jpg",300,400,true],"1536x1536":["https:\/\/operafuoco.fr\/wp-content\/uploads\/2022\/06\/La-Boheme.jpg",540,540,false],"2048x2048":["https:\/\/operafuoco.fr\/wp-content\/uploads\/2022\/06\/La-Boheme.jpg",540,540,false],"trp-custom-language-flag":["https:\/\/operafuoco.fr\/wp-content\/uploads\/2022\/06\/La-Boheme-12x12.jpg",12,12,true],"qubely_landscape":["https:\/\/operafuoco.fr\/wp-content\/uploads\/2022\/06\/La-Boheme.jpg",540,540,false],"qubely_portrait":["https:\/\/operafuoco.fr\/wp-content\/uploads\/2022\/06\/La-Boheme-540x320.jpg",540,320,true],"qubely_thumbnail":["https:\/\/operafuoco.fr\/wp-content\/uploads\/2022\/06\/La-Boheme-140x100.jpg",140,100,true],"vp_sm":["https:\/\/operafuoco.fr\/wp-content\/uploads\/2022\/06\/La-Boheme-500x500.jpg",500,500,true],"vp_md":["https:\/\/operafuoco.fr\/wp-content\/uploads\/2022\/06\/La-Boheme.jpg",540,540,false],"vp_lg":["https:\/\/operafuoco.fr\/wp-content\/uploads\/2022\/06\/La-Boheme.jpg",540,540,false],"vp_xl":["https:\/\/operafuoco.fr\/wp-content\/uploads\/2022\/06\/La-Boheme.jpg",540,540,false],"vp_sm_popup":["https:\/\/operafuoco.fr\/wp-content\/uploads\/2022\/06\/La-Boheme-500x500.jpg",500,500,true],"vp_md_popup":["https:\/\/operafuoco.fr\/wp-content\/uploads\/2022\/06\/La-Boheme.jpg",540,540,false],"vp_xl_popup":["https:\/\/operafuoco.fr\/wp-content\/uploads\/2022\/06\/La-Boheme.jpg",540,540,false]},"qubely_author":{"display_name":"admin","author_link":"https:\/\/operafuoco.fr\/en\/author\/admin\/"},"qubely_comment":0,"qubely_category":"<a href=\"https:\/\/operafuoco.fr\/en\/category\/operas\/\" rel=\"category tag\">Operas<\/a>","qubely_excerpt":"TITRE La Boh\u00e8me &#8211; Giacomo Puccini \u00c0 PROPOS La Boh\u00e8me, le chef d&rsquo;\u0153uvre de Puccini, est l\u2019un des op\u00e9ras les plus jou\u00e9s au monde depuis&hellip;","featured_image_src":"https:\/\/operafuoco.fr\/wp-content\/uploads\/2022\/06\/La-Boheme.jpg","featured_image_src_square":"https:\/\/operafuoco.fr\/wp-content\/uploads\/2022\/06\/La-Boheme.jpg","rbea_author_info":{"display_name":"admin","author_link":"https:\/\/operafuoco.fr\/en\/author\/admin\/"},"rbea_excerpt_info":"TITRE La Boh\u00e8me &#8211; Giacomo Puccini \u00c0 PROPOS La Boh\u00e8me, le chef d&rsquo;\u0153uvre de Puccini, est l\u2019un des op\u00e9ras les plus jou\u00e9s au monde depuis&hellip;","uagb_featured_image_src":{"full":["https:\/\/operafuoco.fr\/wp-content\/uploads\/2022\/06\/La-Boheme.jpg",540,540,false],"thumbnail":["https:\/\/operafuoco.fr\/wp-content\/uploads\/2022\/06\/La-Boheme-150x150.jpg",150,150,true],"medium":["https:\/\/operafuoco.fr\/wp-content\/uploads\/2022\/06\/La-Boheme-300x300.jpg",300,300,true],"medium_large":["https:\/\/operafuoco.fr\/wp-content\/uploads\/2022\/06\/La-Boheme.jpg",540,540,false],"large":["https:\/\/operafuoco.fr\/wp-content\/uploads\/2022\/06\/La-Boheme.jpg",540,540,false],"thumblist":["https:\/\/operafuoco.fr\/wp-content\/uploads\/2022\/06\/La-Boheme-300x300.jpg",300,300,true],"meccarouselthumb":["https:\/\/operafuoco.fr\/wp-content\/uploads\/2022\/06\/La-Boheme-474x324.jpg",474,324,true],"gridsquare":["https:\/\/operafuoco.fr\/wp-content\/uploads\/2022\/06\/La-Boheme-391x260.jpg",391,260,true],"tileview":["https:\/\/operafuoco.fr\/wp-content\/uploads\/2022\/06\/La-Boheme-300x400.jpg",300,400,true],"1536x1536":["https:\/\/operafuoco.fr\/wp-content\/uploads\/2022\/06\/La-Boheme.jpg",540,540,false],"2048x2048":["https:\/\/operafuoco.fr\/wp-content\/uploads\/2022\/06\/La-Boheme.jpg",540,540,false],"trp-custom-language-flag":["https:\/\/operafuoco.fr\/wp-content\/uploads\/2022\/06\/La-Boheme-12x12.jpg",12,12,true],"qubely_landscape":["https:\/\/operafuoco.fr\/wp-content\/uploads\/2022\/06\/La-Boheme.jpg",540,540,false],"qubely_portrait":["https:\/\/operafuoco.fr\/wp-content\/uploads\/2022\/06\/La-Boheme-540x320.jpg",540,320,true],"qubely_thumbnail":["https:\/\/operafuoco.fr\/wp-content\/uploads\/2022\/06\/La-Boheme-140x100.jpg",140,100,true],"vp_sm":["https:\/\/operafuoco.fr\/wp-content\/uploads\/2022\/06\/La-Boheme-500x500.jpg",500,500,true],"vp_md":["https:\/\/operafuoco.fr\/wp-content\/uploads\/2022\/06\/La-Boheme.jpg",540,540,false],"vp_lg":["https:\/\/operafuoco.fr\/wp-content\/uploads\/2022\/06\/La-Boheme.jpg",540,540,false],"vp_xl":["https:\/\/operafuoco.fr\/wp-content\/uploads\/2022\/06\/La-Boheme.jpg",540,540,false],"vp_sm_popup":["https:\/\/operafuoco.fr\/wp-content\/uploads\/2022\/06\/La-Boheme-500x500.jpg",500,500,true],"vp_md_popup":["https:\/\/operafuoco.fr\/wp-content\/uploads\/2022\/06\/La-Boheme.jpg",540,540,false],"vp_xl_popup":["https:\/\/operafuoco.fr\/wp-content\/uploads\/2022\/06\/La-Boheme.jpg",540,540,false]},"uagb_author_info":{"display_name":"admin","author_link":"https:\/\/operafuoco.fr\/en\/author\/admin\/"},"uagb_comment_info":0,"uagb_excerpt":"TITRE La Boh\u00e8me &#8211; Giacomo Puccini \u00c0 PROPOS La Boh\u00e8me, le chef d&rsquo;\u0153uvre de Puccini, est l\u2019un des op\u00e9ras les plus jou\u00e9s au monde depuis&hellip;","_links":{"self":[{"href":"https:\/\/operafuoco.fr\/en\/wp-json\/wp\/v2\/posts\/4262"}],"collection":[{"href":"https:\/\/operafuoco.fr\/en\/wp-json\/wp\/v2\/posts"}],"about":[{"href":"https:\/\/operafuoco.fr\/en\/wp-json\/wp\/v2\/types\/post"}],"author":[{"embeddable":true,"href":"https:\/\/operafuoco.fr\/en\/wp-json\/wp\/v2\/users\/1"}],"replies":[{"embeddable":true,"href":"https:\/\/operafuoco.fr\/en\/wp-json\/wp\/v2\/comments?post=4262"}],"version-history":[{"count":12,"href":"https:\/\/operafuoco.fr\/en\/wp-json\/wp\/v2\/posts\/4262\/revisions"}],"predecessor-version":[{"id":4473,"href":"https:\/\/operafuoco.fr\/en\/wp-json\/wp\/v2\/posts\/4262\/revisions\/4473"}],"wp:featuredmedia":[{"embeddable":true,"href":"https:\/\/operafuoco.fr\/en\/wp-json\/wp\/v2\/media\/4308"}],"wp:attachment":[{"href":"https:\/\/operafuoco.fr\/en\/wp-json\/wp\/v2\/media?parent=4262"}],"wp:term":[{"taxonomy":"category","embeddable":true,"href":"https:\/\/operafuoco.fr\/en\/wp-json\/wp\/v2\/categories?post=4262"},{"taxonomy":"post_tag","embeddable":true,"href":"https:\/\/operafuoco.fr\/en\/wp-json\/wp\/v2\/tags?post=4262"}],"curies":[{"name":"wp","href":"https:\/\/api.w.org\/{rel}","templated":true}]}}