{"id":5449,"date":"2024-07-17T07:52:25","date_gmt":"2024-07-17T07:52:25","guid":{"rendered":"https:\/\/operafuoco.fr\/?p=5449"},"modified":"2025-09-11T10:59:13","modified_gmt":"2025-09-11T10:59:13","slug":"apero-concert-massenet","status":"publish","type":"post","link":"https:\/\/operafuoco.fr\/en\/apero-concert-massenet\/","title":{"rendered":"Apero-concert - Massenet"},"content":{"rendered":"<div class=\"wp-block-cover alignwide\" style=\"min-height:600px;aspect-ratio:unset;\"><span aria-hidden=\"true\" class=\"wp-block-cover__background has-background-dim-0 has-background-dim\"><\/span><img loading=\"lazy\" decoding=\"async\" width=\"1066\" height=\"1384\" class=\"wp-block-cover__image-background wp-image-5465\" alt=\"\" src=\"https:\/\/operafuoco.fr\/wp-content\/uploads\/2024\/07\/s-l1600-e1721225370667.jpg\" style=\"object-position:61% 0%\" data-object-fit=\"cover\" data-object-position=\"61% 0%\" srcset=\"https:\/\/operafuoco.fr\/wp-content\/uploads\/2024\/07\/s-l1600-e1721225370667.jpg 1066w, https:\/\/operafuoco.fr\/wp-content\/uploads\/2024\/07\/s-l1600-e1721225370667-231x300.jpg 231w, https:\/\/operafuoco.fr\/wp-content\/uploads\/2024\/07\/s-l1600-e1721225370667-789x1024.jpg 789w, https:\/\/operafuoco.fr\/wp-content\/uploads\/2024\/07\/s-l1600-e1721225370667-768x997.jpg 768w, https:\/\/operafuoco.fr\/wp-content\/uploads\/2024\/07\/s-l1600-e1721225370667-9x12.jpg 9w, https:\/\/operafuoco.fr\/wp-content\/uploads\/2024\/07\/s-l1600-e1721225370667-500x649.jpg 500w, https:\/\/operafuoco.fr\/wp-content\/uploads\/2024\/07\/s-l1600-e1721225370667-800x1039.jpg 800w\" sizes=\"(max-width: 1066px) 100vw, 1066px\" \/><div class=\"wp-block-cover__inner-container is-layout-flow wp-block-cover-is-layout-flow\">\n<p class=\"has-text-align-center\"><span style=\"color: #222222;background-color: #9b51e000\" class=\"stk-highlight\">Apero-concert - Massenet<\/span><\/p>\n<\/div><\/div>\n\n\n<style>.kb-row-layout-id5449_4fa184-07 > .kt-row-column-wrap{align-content:start;}:where(.kb-row-layout-id5449_4fa184-07 > .kt-row-column-wrap) > .wp-block-kadence-column{justify-content:start;}.kb-row-layout-id5449_4fa184-07 > .kt-row-column-wrap{column-gap:80px;row-gap:var(--global-kb-gap-md, 2rem);padding-top:var(--global-kb-spacing-sm, 1.5rem);padding-bottom:var(--global-kb-spacing-sm, 1.5rem);grid-template-columns:minmax(0, 81%) minmax(0, 19%);}.kb-row-layout-id5449_4fa184-07 > .kt-row-layout-overlay{opacity:0.30;}@media all and (max-width: 1024px){.kb-row-layout-id5449_4fa184-07 > .kt-row-column-wrap{grid-template-columns:repeat(2, minmax(0, 1fr));}}@media all and (max-width: 767px){.kb-row-layout-id5449_4fa184-07 > .kt-row-column-wrap{grid-template-columns:minmax(0, 1fr);}}<\/style><div class=\"kb-row-layout-wrap kb-row-layout-id5449_4fa184-07 alignnone wp-block-kadence-rowlayout\"><div class=\"kt-row-column-wrap kt-has-2-columns kt-row-layout-equal kt-tab-layout-inherit kt-mobile-layout-row kt-row-valign-top\">\n<style>.kadence-column5449_37b323-3a > .kt-inside-inner-col,.kadence-column5449_37b323-3a > .kt-inside-inner-col:before{border-top-left-radius:0px;border-top-right-radius:0px;border-bottom-right-radius:0px;border-bottom-left-radius:0px;}.kadence-column5449_37b323-3a > .kt-inside-inner-col:before{opacity:0.3;}.kadence-column5449_37b323-3a{position:relative;}<\/style>\n<div class=\"wp-block-kadence-column kadence-column5449_37b323-3a\"><div class=\"kt-inside-inner-col\"><style>.wp-block-kadence-advancedheading.kt-adv-heading5449_0511f5-44, .wp-block-kadence-advancedheading.kt-adv-heading5449_0511f5-44[data-kb-block=\"kb-adv-heading5449_0511f5-44\"]{text-align:left;font-style:normal;}.wp-block-kadence-advancedheading.kt-adv-heading5449_0511f5-44 mark, .wp-block-kadence-advancedheading.kt-adv-heading5449_0511f5-44[data-kb-block=\"kb-adv-heading5449_0511f5-44\"] mark{font-style:normal;color:#f76a0c;padding-top:0px;padding-right:0px;padding-bottom:0px;padding-left:0px;}<\/style>\n<p class=\"kt-adv-heading5449_0511f5-44 wp-block-kadence-advancedheading\" data-kb-block=\"kb-adv-heading5449_0511f5-44\"><strong><span style=\"color: #ff6900;\" class=\"ugb-highlight\">APERO-CONCERT<\/span><\/strong><\/p>\n\n\n<style>.wp-block-kadence-advancedheading.kt-adv-heading5449_924b4b-12, .wp-block-kadence-advancedheading.kt-adv-heading5449_924b4b-12[data-kb-block=\"kb-adv-heading5449_924b4b-12\"]{font-style:normal;}.wp-block-kadence-advancedheading.kt-adv-heading5449_924b4b-12 mark, .wp-block-kadence-advancedheading.kt-adv-heading5449_924b4b-12[data-kb-block=\"kb-adv-heading5449_924b4b-12\"] mark{font-style:normal;color:#f76a0c;padding-top:0px;padding-right:0px;padding-bottom:0px;padding-left:0px;}<\/style>\n<h2 class=\"kt-adv-heading5449_924b4b-12 wp-block-kadence-advancedheading\" data-kb-block=\"kb-adv-heading5449_924b4b-12\"><span style=\"color: #000000;\" class=\"stk-highlight\">Massenet<\/span><\/h2>\n\n\n\n<div style=\"height:15px\" aria-hidden=\"true\" class=\"wp-block-spacer\"><\/div>\n\n\n<style>.wp-block-kadence-advancedheading.kt-adv-heading5449_f57a21-0f, .wp-block-kadence-advancedheading.kt-adv-heading5449_f57a21-0f[data-kb-block=\"kb-adv-heading5449_f57a21-0f\"]{font-style:normal;}.wp-block-kadence-advancedheading.kt-adv-heading5449_f57a21-0f mark, .wp-block-kadence-advancedheading.kt-adv-heading5449_f57a21-0f[data-kb-block=\"kb-adv-heading5449_f57a21-0f\"] mark{font-style:normal;color:#f76a0c;padding-top:0px;padding-right:0px;padding-bottom:0px;padding-left:0px;}<\/style>\n<p class=\"kt-adv-heading5449_f57a21-0f wp-block-kadence-advancedheading\" data-kb-block=\"kb-adv-heading5449_f57a21-0f\"><strong><span style=\"color: #ff6900;\" class=\"ugb-highlight\">ABOUT<\/span><\/strong><\/p>\n\n\n\n<p>Immense compositeur, souvent consid\u00e9r\u00e9 comme l\u2019h\u00e9ritier de Charles Gounod, Jules Massenet influen\u00e7a bon nombre de compositeurs comme Debussy ou encore Puccini. Au programme de ce rendez-vous musical dans le hall de l&rsquo;op\u00e9ra de Massy, des extraits de ses chefs d\u2019\u0153uvre comme Werther, Manon ou encore Tha\u00efs seront interpr\u00e9t\u00e9s par les jeunes talents de la 6\u1d49 G\u00e9n\u00e9ration de l&rsquo;Atelier Lyrique Opera Fuoco. <br>Nul doute que quelques airs plus rares tir\u00e9s de Sapho ou H\u00e9rodiade se glisseront dans ce bel hommage.<\/p>\n\n\n\n<div style=\"height:10px\" aria-hidden=\"true\" class=\"wp-block-spacer\"><\/div>\n\n\n<style>.wp-block-kadence-advancedheading.kt-adv-heading5449_e9910b-85, .wp-block-kadence-advancedheading.kt-adv-heading5449_e9910b-85[data-kb-block=\"kb-adv-heading5449_e9910b-85\"]{font-style:normal;}.wp-block-kadence-advancedheading.kt-adv-heading5449_e9910b-85 mark, .wp-block-kadence-advancedheading.kt-adv-heading5449_e9910b-85[data-kb-block=\"kb-adv-heading5449_e9910b-85\"] mark{font-style:normal;color:#f76a0c;padding-top:0px;padding-right:0px;padding-bottom:0px;padding-left:0px;}<\/style>\n<p class=\"kt-adv-heading5449_e9910b-85 wp-block-kadence-advancedheading translation-block\" data-kb-block=\"kb-adv-heading5449_e9910b-85\"><span class=\"has-inline-color has-luminous-vivid-orange-color\"><strong>ART<\/strong><\/span><strong><span class=\"has-inline-color has-luminous-vivid-orange-color\">ISTS<\/span><\/strong><\/p>\n\n\n\n<p><strong>David Stern <\/strong>- Artistic Direction<\/p>\n\n\n\n<div style=\"height:10px\" aria-hidden=\"true\" class=\"wp-block-spacer\"><\/div>\n\n\n\n<div style=\"height:10px\" aria-hidden=\"true\" class=\"wp-block-spacer\"><\/div>\n\n\n\n<p><strong>Solistes de la 6<\/strong>\u1d49 <strong>G\u00e9n\u00e9ration de l\u2019Atelier Lyrique Opera Fuoco<\/strong><\/p>\n\n\n\n<p><strong>Clara Barbier-Serrano, <\/strong>soprano<\/p>\n\n\n\n<p><strong>Serafima Liberman, <\/strong>soprano<\/p>\n\n\n\n<p><strong>Tha\u00efs Ra\u00ef-Westphal, <\/strong>soprano<\/p>\n\n\n\n<p><strong>C\u00e9cile Madelin, <\/strong>mezzo-soprano<\/p>\n\n\n\n<p><strong>Marion Vergez-Pascal, <\/strong>mezzo-soprano<\/p>\n\n\n\n<p><strong>Vincent Gu\u00e9rin, <\/strong>tenor<\/p>\n\n\n\n<p><strong>Max Latarjet, <\/strong>bass-baritone<\/p>\n\n\n\n<div style=\"height:10px\" aria-hidden=\"true\" class=\"wp-block-spacer\"><\/div>\n\n\n\n<p><strong>Rodolphe Lospied, <\/strong>piano<\/p>\n\n\n\n<div style=\"height:10px\" aria-hidden=\"true\" class=\"wp-block-spacer\"><\/div>\n\n\n\n<div style=\"height:10px\" aria-hidden=\"true\" class=\"wp-block-spacer\"><\/div>\n\n\n\n<p><mark style=\"background-color:rgba(0, 0, 0, 0)\" class=\"has-inline-color has-luminous-vivid-orange-color\"><strong>PROGRAM<\/strong><\/mark><\/p>\n\n\n\n<p><strong>Scenes from the operas by Massenet<\/strong><\/p>\n\n\n\n<p>Extracts from the operas of Amadis, Don C\u00e9sar de Bazan, Don Quichotte, Roi de Lahore, Cendrillon, Le portrait de Manon and Arianne.<\/p>\n\n\n<style>.wp-block-kadence-spacer.kt-block-spacer-5449_3ba424-b1 .kt-block-spacer{height:30px;}.wp-block-kadence-spacer.kt-block-spacer-5449_3ba424-b1 .kt-divider{border-top-width:1px;height:1px;border-top-color:#eee;width:80%;border-top-style:solid;}<\/style>\n<div class=\"wp-block-kadence-spacer aligncenter kt-block-spacer-5449_3ba424-b1\"><div class=\"kt-block-spacer kt-block-spacer-halign-center\"><hr class=\"kt-divider\"\/><\/div><\/div>\n\n\n\n<p><\/p>\n<\/div><\/div>\n\n\n<style>.kadence-column5449_d15f4d-90 > .kt-inside-inner-col,.kadence-column5449_d15f4d-90 > .kt-inside-inner-col:before{border-top-left-radius:0px;border-top-right-radius:0px;border-bottom-right-radius:0px;border-bottom-left-radius:0px;}.kadence-column5449_d15f4d-90 > .kt-inside-inner-col:before{opacity:0.3;}.kadence-column5449_d15f4d-90{position:relative;}<\/style>\n<div class=\"wp-block-kadence-column kadence-column5449_d15f4d-90\"><div class=\"kt-inside-inner-col\"><style>.wp-block-kadence-advancedheading.kt-adv-heading5449_2c98c7-dd, .wp-block-kadence-advancedheading.kt-adv-heading5449_2c98c7-dd[data-kb-block=\"kb-adv-heading5449_2c98c7-dd\"]{font-weight:bold;font-style:normal;}.wp-block-kadence-advancedheading.kt-adv-heading5449_2c98c7-dd mark, .wp-block-kadence-advancedheading.kt-adv-heading5449_2c98c7-dd[data-kb-block=\"kb-adv-heading5449_2c98c7-dd\"] mark{font-style:normal;color:#f76a0c;padding-top:0px;padding-right:0px;padding-bottom:0px;padding-left:0px;}<\/style>\n<h4 class=\"kt-adv-heading5449_2c98c7-dd wp-block-kadence-advancedheading\" data-kb-block=\"kb-adv-heading5449_2c98c7-dd\">DATE<\/h4>\n\n\n<style>.wp-block-kadence-advancedheading.kt-adv-heading5449_c3d058-80, .wp-block-kadence-advancedheading.kt-adv-heading5449_c3d058-80[data-kb-block=\"kb-adv-heading5449_c3d058-80\"]{font-style:normal;}.wp-block-kadence-advancedheading.kt-adv-heading5449_c3d058-80 mark, .wp-block-kadence-advancedheading.kt-adv-heading5449_c3d058-80[data-kb-block=\"kb-adv-heading5449_c3d058-80\"] mark{font-style:normal;color:#f76a0c;padding-top:0px;padding-right:0px;padding-bottom:0px;padding-left:0px;}<\/style>\n<h5 class=\"kt-adv-heading5449_c3d058-80 wp-block-kadence-advancedheading\" data-kb-block=\"kb-adv-heading5449_c3d058-80\"><strong>Wednesday, December 18, 2024<\/strong><\/h5>\n\n\n\n<p><strong>7:00PM<\/strong><\/p>\n\n\n<style>.wp-block-kadence-advancedheading.kt-adv-heading5449_9fd03e-05, .wp-block-kadence-advancedheading.kt-adv-heading5449_9fd03e-05[data-kb-block=\"kb-adv-heading5449_9fd03e-05\"]{text-align:left;font-style:normal;}.wp-block-kadence-advancedheading.kt-adv-heading5449_9fd03e-05 mark, .wp-block-kadence-advancedheading.kt-adv-heading5449_9fd03e-05[data-kb-block=\"kb-adv-heading5449_9fd03e-05\"] mark{font-style:normal;color:#f76a0c;padding-top:0px;padding-right:0px;padding-bottom:0px;padding-left:0px;}<\/style>\n<h5 class=\"kt-adv-heading5449_9fd03e-05 wp-block-kadence-advancedheading\" data-kb-block=\"kb-adv-heading5449_9fd03e-05\">Lobby of the Op\u00e9ra de Massy<br>1 Place de France, 91300 Massy<\/h5>\n\n\n\n<div style=\"height:15px\" aria-hidden=\"true\" class=\"wp-block-spacer\"><\/div>\n<\/div><\/div>\n\n<\/div><\/div>\n\n<style>.kadence-column5449_9b0b80-fd > .kt-inside-inner-col,.kadence-column5449_9b0b80-fd > .kt-inside-inner-col:before{border-top-left-radius:0px;border-top-right-radius:0px;border-bottom-right-radius:0px;border-bottom-left-radius:0px;}.kadence-column5449_9b0b80-fd > .kt-inside-inner-col:before{opacity:0.3;}.kadence-column5449_9b0b80-fd{position:relative;}<\/style>\n<div class=\"wp-block-kadence-column kadence-column5449_9b0b80-fd\"><div class=\"kt-inside-inner-col\"><\/div><\/div>","protected":false},"excerpt":{"rendered":"<p>AP\u00c9RO-CONCERT Massenet \u00c0 PROPOS Immense compositeur, souvent consid\u00e9r\u00e9 comme l\u2019h\u00e9ritier de Charles Gounod, Jules Massenet influen\u00e7a bon nombre de compositeurs comme Debussy ou encore Puccini.&hellip;<\/p>","protected":false},"author":1,"featured_media":5465,"comment_status":"closed","ping_status":"closed","sticky":false,"template":"","format":"standard","meta":{"qubely_global_settings":"","qubely_interactions":"","_coblocks_attr":"","_coblocks_dimensions":"","_coblocks_responsive_height":"","_coblocks_accordion_ie_support":"","_uag_custom_page_level_css":"","kk_blocks_editor_width":"","_kiokenblocks_attr":"","_kiokenblocks_dimensions":"","_vp_format_video_url":"","_vp_image_focal_point":{"x":0.58,"y":0.18},"footnotes":""},"categories":[74],"tags":[137],"class_list":["post-5449","post","type-post","status-publish","format-standard","has-post-thumbnail","hentry","category-concerts","tag-archive"],"featured_image_urls":{"full":["https:\/\/operafuoco.fr\/wp-content\/uploads\/2024\/07\/s-l1600-e1721225370667.jpg",1066,1384,false],"thumbnail":["https:\/\/operafuoco.fr\/wp-content\/uploads\/2024\/07\/s-l1600-e1721225370667-150x150.jpg",150,150,true],"medium":["https:\/\/operafuoco.fr\/wp-content\/uploads\/2024\/07\/s-l1600-e1721225370667-231x300.jpg",231,300,true],"medium_large":["https:\/\/operafuoco.fr\/wp-content\/uploads\/2024\/07\/s-l1600-e1721225370667-768x997.jpg",768,997,true],"large":["https:\/\/operafuoco.fr\/wp-content\/uploads\/2024\/07\/s-l1600-e1721225370667-789x1024.jpg",789,1024,true],"thumblist":["https:\/\/operafuoco.fr\/wp-content\/uploads\/2024\/07\/s-l1600-e1721225370667-300x300.jpg",300,300,true],"meccarouselthumb":["https:\/\/operafuoco.fr\/wp-content\/uploads\/2024\/07\/s-l1600-e1721225370667-474x324.jpg",474,324,true],"gridsquare":["https:\/\/operafuoco.fr\/wp-content\/uploads\/2024\/07\/s-l1600-e1721225370667-391x260.jpg",391,260,true],"tileview":["https:\/\/operafuoco.fr\/wp-content\/uploads\/2024\/07\/s-l1600-e1721225370667-300x400.jpg",300,400,true],"1536x1536":["https:\/\/operafuoco.fr\/wp-content\/uploads\/2024\/07\/s-l1600-1026x1536.jpg",1026,1536,true],"2048x2048":["https:\/\/operafuoco.fr\/wp-content\/uploads\/2024\/07\/s-l1600-e1721225370667.jpg",1066,1384,false],"trp-custom-language-flag":["https:\/\/operafuoco.fr\/wp-content\/uploads\/2024\/07\/s-l1600-e1721225370667-9x12.jpg",9,12,true],"qubely_landscape":["https:\/\/operafuoco.fr\/wp-content\/uploads\/2024\/07\/s-l1600-e1721225370667-1066x750.jpg",1066,750,true],"qubely_portrait":["https:\/\/operafuoco.fr\/wp-content\/uploads\/2024\/07\/s-l1600-e1721225370667-540x320.jpg",540,320,true],"qubely_thumbnail":["https:\/\/operafuoco.fr\/wp-content\/uploads\/2024\/07\/s-l1600-e1721225370667-140x100.jpg",140,100,true],"vp_sm":["https:\/\/operafuoco.fr\/wp-content\/uploads\/2024\/07\/s-l1600-e1721225370667-500x649.jpg",500,649,true],"vp_md":["https:\/\/operafuoco.fr\/wp-content\/uploads\/2024\/07\/s-l1600-e1721225370667-800x1039.jpg",800,1039,true],"vp_lg":["https:\/\/operafuoco.fr\/wp-content\/uploads\/2024\/07\/s-l1600-e1721225370667.jpg",1066,1384,false],"vp_xl":["https:\/\/operafuoco.fr\/wp-content\/uploads\/2024\/07\/s-l1600-e1721225370667.jpg",1066,1384,false],"vp_sm_popup":["https:\/\/operafuoco.fr\/wp-content\/uploads\/2024\/07\/s-l1600-e1721225370667-500x649.jpg",500,649,true],"vp_md_popup":["https:\/\/operafuoco.fr\/wp-content\/uploads\/2024\/07\/s-l1600-e1721225370667-800x1039.jpg",800,1039,true],"vp_xl_popup":["https:\/\/operafuoco.fr\/wp-content\/uploads\/2024\/07\/s-l1600-e1721225370667.jpg",1066,1384,false]},"post_excerpt_stackable":"<p>Ap\u00e9ro-concert &#8211; Massenet AP\u00c9RO-CONCERT Massenet \u00c0 PROPOS Immense compositeur, souvent consid\u00e9r\u00e9 comme l\u2019h\u00e9ritier de Charles Gounod, Jules Massenet influen\u00e7a bon nombre de compositeurs comme Debussy ou encore Puccini. Au programme de ce rendez-vous musical dans le hall de l&rsquo;op\u00e9ra de Massy, des extraits de ses chefs d\u2019\u0153uvre comme Werther, Manon ou encore Tha\u00efs seront interpr\u00e9t\u00e9s par les jeunes talents de la 6\u1d49 G\u00e9n\u00e9ration de l&rsquo;Atelier Lyrique Opera Fuoco. Nul doute que quelques airs plus rares tir\u00e9s de Sapho ou H\u00e9rodiade se glisseront dans ce bel hommage. DISTRIBUTION David Stern &#8211; Direction artistique Solistes de la 6\u1d49 G\u00e9n\u00e9ration de l\u2019Atelier Lyrique&hellip;<\/p>\n","category_list":"<a href=\"https:\/\/operafuoco.fr\/en\/category\/concerts\/\" rel=\"category tag\">Concerts<\/a>","author_info":{"display_name":"admin","author_link":"https:\/\/operafuoco.fr\/en\/author\/admin\/"},"comments_num":"0 comments","aioseo_notices":[],"qubely_featured_image_url":{"full":["https:\/\/operafuoco.fr\/wp-content\/uploads\/2024\/07\/s-l1600-e1721225370667.jpg",1066,1384,false],"landscape":["https:\/\/operafuoco.fr\/wp-content\/uploads\/2024\/07\/s-l1600-e1721225370667-1066x750.jpg",1066,750,true],"portraits":["https:\/\/operafuoco.fr\/wp-content\/uploads\/2024\/07\/s-l1600-e1721225370667-540x320.jpg",540,320,true],"thumbnail":["https:\/\/operafuoco.fr\/wp-content\/uploads\/2024\/07\/s-l1600-e1721225370667-150x150.jpg",150,150,true],"medium":["https:\/\/operafuoco.fr\/wp-content\/uploads\/2024\/07\/s-l1600-e1721225370667-231x300.jpg",231,300,true],"medium_large":["https:\/\/operafuoco.fr\/wp-content\/uploads\/2024\/07\/s-l1600-e1721225370667-768x997.jpg",768,997,true],"large":["https:\/\/operafuoco.fr\/wp-content\/uploads\/2024\/07\/s-l1600-e1721225370667-789x1024.jpg",789,1024,true],"thumblist":["https:\/\/operafuoco.fr\/wp-content\/uploads\/2024\/07\/s-l1600-e1721225370667-300x300.jpg",300,300,true],"meccarouselthumb":["https:\/\/operafuoco.fr\/wp-content\/uploads\/2024\/07\/s-l1600-e1721225370667-474x324.jpg",474,324,true],"gridsquare":["https:\/\/operafuoco.fr\/wp-content\/uploads\/2024\/07\/s-l1600-e1721225370667-391x260.jpg",391,260,true],"tileview":["https:\/\/operafuoco.fr\/wp-content\/uploads\/2024\/07\/s-l1600-e1721225370667-300x400.jpg",300,400,true],"1536x1536":["https:\/\/operafuoco.fr\/wp-content\/uploads\/2024\/07\/s-l1600-1026x1536.jpg",1026,1536,true],"2048x2048":["https:\/\/operafuoco.fr\/wp-content\/uploads\/2024\/07\/s-l1600-e1721225370667.jpg",1066,1384,false],"trp-custom-language-flag":["https:\/\/operafuoco.fr\/wp-content\/uploads\/2024\/07\/s-l1600-e1721225370667-9x12.jpg",9,12,true],"qubely_landscape":["https:\/\/operafuoco.fr\/wp-content\/uploads\/2024\/07\/s-l1600-e1721225370667-1066x750.jpg",1066,750,true],"qubely_portrait":["https:\/\/operafuoco.fr\/wp-content\/uploads\/2024\/07\/s-l1600-e1721225370667-540x320.jpg",540,320,true],"qubely_thumbnail":["https:\/\/operafuoco.fr\/wp-content\/uploads\/2024\/07\/s-l1600-e1721225370667-140x100.jpg",140,100,true],"vp_sm":["https:\/\/operafuoco.fr\/wp-content\/uploads\/2024\/07\/s-l1600-e1721225370667-500x649.jpg",500,649,true],"vp_md":["https:\/\/operafuoco.fr\/wp-content\/uploads\/2024\/07\/s-l1600-e1721225370667-800x1039.jpg",800,1039,true],"vp_lg":["https:\/\/operafuoco.fr\/wp-content\/uploads\/2024\/07\/s-l1600-e1721225370667.jpg",1066,1384,false],"vp_xl":["https:\/\/operafuoco.fr\/wp-content\/uploads\/2024\/07\/s-l1600-e1721225370667.jpg",1066,1384,false],"vp_sm_popup":["https:\/\/operafuoco.fr\/wp-content\/uploads\/2024\/07\/s-l1600-e1721225370667-500x649.jpg",500,649,true],"vp_md_popup":["https:\/\/operafuoco.fr\/wp-content\/uploads\/2024\/07\/s-l1600-e1721225370667-800x1039.jpg",800,1039,true],"vp_xl_popup":["https:\/\/operafuoco.fr\/wp-content\/uploads\/2024\/07\/s-l1600-e1721225370667.jpg",1066,1384,false]},"qubely_author":{"display_name":"admin","author_link":"https:\/\/operafuoco.fr\/en\/author\/admin\/"},"qubely_comment":0,"qubely_category":"<a href=\"https:\/\/operafuoco.fr\/en\/category\/concerts\/\" rel=\"category tag\">Concerts<\/a>","qubely_excerpt":"AP\u00c9RO-CONCERT Massenet \u00c0 PROPOS Immense compositeur, souvent consid\u00e9r\u00e9 comme l\u2019h\u00e9ritier de Charles Gounod, Jules Massenet influen\u00e7a bon nombre de compositeurs comme Debussy ou encore Puccini.&hellip;","featured_image_src":"https:\/\/operafuoco.fr\/wp-content\/uploads\/2024\/07\/s-l1600-e1721225370667.jpg","featured_image_src_square":"https:\/\/operafuoco.fr\/wp-content\/uploads\/2024\/07\/s-l1600-e1721225370667.jpg","rbea_author_info":{"display_name":"admin","author_link":"https:\/\/operafuoco.fr\/en\/author\/admin\/"},"rbea_excerpt_info":"AP\u00c9RO-CONCERT Massenet \u00c0 PROPOS Immense compositeur, souvent consid\u00e9r\u00e9 comme l\u2019h\u00e9ritier de Charles Gounod, Jules Massenet influen\u00e7a bon nombre de compositeurs comme Debussy ou encore Puccini.&hellip;","uagb_featured_image_src":{"full":["https:\/\/operafuoco.fr\/wp-content\/uploads\/2024\/07\/s-l1600-e1721225370667.jpg",1066,1384,false],"thumbnail":["https:\/\/operafuoco.fr\/wp-content\/uploads\/2024\/07\/s-l1600-e1721225370667-150x150.jpg",150,150,true],"medium":["https:\/\/operafuoco.fr\/wp-content\/uploads\/2024\/07\/s-l1600-e1721225370667-231x300.jpg",231,300,true],"medium_large":["https:\/\/operafuoco.fr\/wp-content\/uploads\/2024\/07\/s-l1600-e1721225370667-768x997.jpg",768,997,true],"large":["https:\/\/operafuoco.fr\/wp-content\/uploads\/2024\/07\/s-l1600-e1721225370667-789x1024.jpg",789,1024,true],"thumblist":["https:\/\/operafuoco.fr\/wp-content\/uploads\/2024\/07\/s-l1600-e1721225370667-300x300.jpg",300,300,true],"meccarouselthumb":["https:\/\/operafuoco.fr\/wp-content\/uploads\/2024\/07\/s-l1600-e1721225370667-474x324.jpg",474,324,true],"gridsquare":["https:\/\/operafuoco.fr\/wp-content\/uploads\/2024\/07\/s-l1600-e1721225370667-391x260.jpg",391,260,true],"tileview":["https:\/\/operafuoco.fr\/wp-content\/uploads\/2024\/07\/s-l1600-e1721225370667-300x400.jpg",300,400,true],"1536x1536":["https:\/\/operafuoco.fr\/wp-content\/uploads\/2024\/07\/s-l1600-1026x1536.jpg",1026,1536,true],"2048x2048":["https:\/\/operafuoco.fr\/wp-content\/uploads\/2024\/07\/s-l1600-e1721225370667.jpg",1066,1384,false],"trp-custom-language-flag":["https:\/\/operafuoco.fr\/wp-content\/uploads\/2024\/07\/s-l1600-e1721225370667-9x12.jpg",9,12,true],"qubely_landscape":["https:\/\/operafuoco.fr\/wp-content\/uploads\/2024\/07\/s-l1600-e1721225370667-1066x750.jpg",1066,750,true],"qubely_portrait":["https:\/\/operafuoco.fr\/wp-content\/uploads\/2024\/07\/s-l1600-e1721225370667-540x320.jpg",540,320,true],"qubely_thumbnail":["https:\/\/operafuoco.fr\/wp-content\/uploads\/2024\/07\/s-l1600-e1721225370667-140x100.jpg",140,100,true],"vp_sm":["https:\/\/operafuoco.fr\/wp-content\/uploads\/2024\/07\/s-l1600-e1721225370667-500x649.jpg",500,649,true],"vp_md":["https:\/\/operafuoco.fr\/wp-content\/uploads\/2024\/07\/s-l1600-e1721225370667-800x1039.jpg",800,1039,true],"vp_lg":["https:\/\/operafuoco.fr\/wp-content\/uploads\/2024\/07\/s-l1600-e1721225370667.jpg",1066,1384,false],"vp_xl":["https:\/\/operafuoco.fr\/wp-content\/uploads\/2024\/07\/s-l1600-e1721225370667.jpg",1066,1384,false],"vp_sm_popup":["https:\/\/operafuoco.fr\/wp-content\/uploads\/2024\/07\/s-l1600-e1721225370667-500x649.jpg",500,649,true],"vp_md_popup":["https:\/\/operafuoco.fr\/wp-content\/uploads\/2024\/07\/s-l1600-e1721225370667-800x1039.jpg",800,1039,true],"vp_xl_popup":["https:\/\/operafuoco.fr\/wp-content\/uploads\/2024\/07\/s-l1600-e1721225370667.jpg",1066,1384,false]},"uagb_author_info":{"display_name":"admin","author_link":"https:\/\/operafuoco.fr\/en\/author\/admin\/"},"uagb_comment_info":0,"uagb_excerpt":"AP\u00c9RO-CONCERT Massenet \u00c0 PROPOS Immense compositeur, souvent consid\u00e9r\u00e9 comme l\u2019h\u00e9ritier de Charles Gounod, Jules Massenet influen\u00e7a bon nombre de compositeurs comme Debussy ou encore Puccini.&hellip;","_links":{"self":[{"href":"https:\/\/operafuoco.fr\/en\/wp-json\/wp\/v2\/posts\/5449"}],"collection":[{"href":"https:\/\/operafuoco.fr\/en\/wp-json\/wp\/v2\/posts"}],"about":[{"href":"https:\/\/operafuoco.fr\/en\/wp-json\/wp\/v2\/types\/post"}],"author":[{"embeddable":true,"href":"https:\/\/operafuoco.fr\/en\/wp-json\/wp\/v2\/users\/1"}],"replies":[{"embeddable":true,"href":"https:\/\/operafuoco.fr\/en\/wp-json\/wp\/v2\/comments?post=5449"}],"version-history":[{"count":3,"href":"https:\/\/operafuoco.fr\/en\/wp-json\/wp\/v2\/posts\/5449\/revisions"}],"predecessor-version":[{"id":5510,"href":"https:\/\/operafuoco.fr\/en\/wp-json\/wp\/v2\/posts\/5449\/revisions\/5510"}],"wp:featuredmedia":[{"embeddable":true,"href":"https:\/\/operafuoco.fr\/en\/wp-json\/wp\/v2\/media\/5465"}],"wp:attachment":[{"href":"https:\/\/operafuoco.fr\/en\/wp-json\/wp\/v2\/media?parent=5449"}],"wp:term":[{"taxonomy":"category","embeddable":true,"href":"https:\/\/operafuoco.fr\/en\/wp-json\/wp\/v2\/categories?post=5449"},{"taxonomy":"post_tag","embeddable":true,"href":"https:\/\/operafuoco.fr\/en\/wp-json\/wp\/v2\/tags?post=5449"}],"curies":[{"name":"wp","href":"https:\/\/api.w.org\/{rel}","templated":true}]}}